{"id":14005,"date":"2014-05-16T07:04:18","date_gmt":"2014-05-16T05:04:18","guid":{"rendered":"http:\/\/www.kunstgalerie-barbara.de\/blog\/?p=14005"},"modified":"2014-05-16T07:04:35","modified_gmt":"2014-05-16T05:04:35","slug":"spirellipfanne","status":"publish","type":"post","link":"http:\/\/www.kunstgalerie-barbara.de\/blog\/2014\/05\/spirellipfanne\/","title":{"rendered":"Spirellipfanne"},"content":{"rendered":"<p><a href=\"http:\/\/www.kunstgalerie-barbara.de\/blog\/wp-content\/uploads\/2014\/05\/picasa.jpg\"><img loading=\"lazy\" decoding=\"async\" class=\"aligncenter size-full wp-image-14008\" alt=\"picasa\" src=\"http:\/\/www.kunstgalerie-barbara.de\/blog\/wp-content\/uploads\/2014\/05\/picasa.jpg\" width=\"470\" height=\"397\" srcset=\"http:\/\/www.kunstgalerie-barbara.de\/blog\/wp-content\/uploads\/2014\/05\/picasa.jpg 470w, http:\/\/www.kunstgalerie-barbara.de\/blog\/wp-content\/uploads\/2014\/05\/picasa-300x253.jpg 300w\" sizes=\"(max-width: 470px) 100vw, 470px\" \/><\/a>1Zuchini, 2Paprikaschoten,\u00a0 zwei M\u00f6hren 1 Aubergine in St\u00fccke scheiden und mit etwas Gem\u00fcsebr\u00fche, gerebbeltem oder frischem Oregano und ein paar Scheibchen Pepperoni gar, besser al dente d\u00fcnsten, Tomatenst\u00fccken von drei Tomaten hinzuf\u00fcgen. Die gegarten Vollkorn Sprirelli hinzuf\u00fcgen und unter das Gem\u00fcse heben, portionieren und mit Basilikumbl\u00e4ttern anrichten!<\/p>\n<p>Guten Appetit !!!!!!<\/p>\n","protected":false},"excerpt":{"rendered":"<p>1Zuchini, 2Paprikaschoten,\u00a0 zwei M\u00f6hren 1 Aubergine in St\u00fccke scheiden und mit etwas Gem\u00fcsebr\u00fche, gerebbeltem oder frischem Oregano und ein paar Scheibchen Pepperoni gar, besser al dente d\u00fcnsten, Tomatenst\u00fccken von drei Tomaten hinzuf\u00fcgen. Die gegarten Vollkorn Sprirelli hinzuf\u00fcgen und unter das Gem\u00fcse heben, portionieren und mit Basilikumbl\u00e4ttern anrichten! Guten Appetit !!!!!!<\/p>\n","protected":false},"author":1,"featured_media":0,"comment_status":"open","ping_status":"open","sticky":false,"template":"","format":"standard","meta":{"footnotes":""},"categories":[27],"tags":[],"jetpack_featured_media_url":"","_links":{"self":[{"href":"http:\/\/www.kunstgalerie-barbara.de\/blog\/wp-json\/wp\/v2\/posts\/14005"}],"collection":[{"href":"http:\/\/www.kunstgalerie-barbara.de\/blog\/wp-json\/wp\/v2\/posts"}],"about":[{"href":"http:\/\/www.kunstgalerie-barbara.de\/blog\/wp-json\/wp\/v2\/types\/post"}],"author":[{"embeddable":true,"href":"http:\/\/www.kunstgalerie-barbara.de\/blog\/wp-json\/wp\/v2\/users\/1"}],"replies":[{"embeddable":true,"href":"http:\/\/www.kunstgalerie-barbara.de\/blog\/wp-json\/wp\/v2\/comments?post=14005"}],"version-history":[{"count":1,"href":"http:\/\/www.kunstgalerie-barbara.de\/blog\/wp-json\/wp\/v2\/posts\/14005\/revisions"}],"predecessor-version":[{"id":14010,"href":"http:\/\/www.kunstgalerie-barbara.de\/blog\/wp-json\/wp\/v2\/posts\/14005\/revisions\/14010"}],"wp:attachment":[{"href":"http:\/\/www.kunstgalerie-barbara.de\/blog\/wp-json\/wp\/v2\/media?parent=14005"}],"wp:term":[{"taxonomy":"category","embeddable":true,"href":"http:\/\/www.kunstgalerie-barbara.de\/blog\/wp-json\/wp\/v2\/categories?post=14005"},{"taxonomy":"post_tag","embeddable":true,"href":"http:\/\/www.kunstgalerie-barbara.de\/blog\/wp-json\/wp\/v2\/tags?post=14005"}],"curies":[{"name":"wp","href":"https:\/\/api.w.org\/{rel}","templated":true}]}}