{"id":14030,"date":"2014-05-19T10:03:36","date_gmt":"2014-05-19T08:03:36","guid":{"rendered":"http:\/\/www.kunstgalerie-barbara.de\/blog\/?p=14030"},"modified":"2014-05-19T10:20:57","modified_gmt":"2014-05-19T08:20:57","slug":"die-t-tip-tuerhaenger-sind-eingetroffen-und-warten-auf-die-tuerknaeufe-an-denen-sie-demnaechst-haengen-sollen","status":"publish","type":"post","link":"http:\/\/www.kunstgalerie-barbara.de\/blog\/2014\/05\/die-t-tip-tuerhaenger-sind-eingetroffen-und-warten-auf-die-tuerknaeufe-an-denen-sie-demnaechst-haengen-sollen\/","title":{"rendered":"Die TTIP T\u00fcrh\u00e4nger sind eingetroffen und warten auf die T\u00fcrkn\u00e4ufe an denen sie demn\u00e4chst h\u00e4ngen sollen&#8230;"},"content":{"rendered":"<p>&nbsp;<\/p>\n<p style=\"text-align: center;\"><a href=\"http:\/\/www.kunstgalerie-barbara.de\/blog\/wp-content\/uploads\/2014\/05\/P1500349-Kopie.jpg\"><img loading=\"lazy\" decoding=\"async\" class=\"aligncenter size-full wp-image-14032\" alt=\"P1500349 Kopie\" src=\"http:\/\/www.kunstgalerie-barbara.de\/blog\/wp-content\/uploads\/2014\/05\/P1500349-Kopie.jpg\" width=\"400\" height=\"600\" srcset=\"http:\/\/www.kunstgalerie-barbara.de\/blog\/wp-content\/uploads\/2014\/05\/P1500349-Kopie.jpg 400w, http:\/\/www.kunstgalerie-barbara.de\/blog\/wp-content\/uploads\/2014\/05\/P1500349-Kopie-200x300.jpg 200w\" sizes=\"(max-width: 400px) 100vw, 400px\" \/><\/a><\/p>\n<p style=\"text-align: center;\"><a href=\"http:\/\/www.kunstgalerie-barbara.de\/blog\/wp-content\/uploads\/2014\/05\/P1500351.jpg\"><img loading=\"lazy\" decoding=\"async\" class=\"aligncenter  wp-image-14034\" alt=\"P1500351\" src=\"http:\/\/www.kunstgalerie-barbara.de\/blog\/wp-content\/uploads\/2014\/05\/P1500351-866x1024.jpg\" width=\"406\" height=\"478\" \/><\/a><\/p>\n<p style=\"text-align: center;\">auch Ihr k\u00f6nnt bei untenstehender Adresse T\u00fcrh\u00e4nger bestellen und dazu beitragen, da\u00df in Zukunft in Europa noch Demokratien existieren und wir nicht ferngelenkt werden von irgendwelchen Wirtschaftskonzernen!<br \/>\n<a href=\"http:\/\/www.kunstgalerie-barbara.de\/blog\/wp-content\/uploads\/2014\/05\/P1500354.jpg\"><img loading=\"lazy\" decoding=\"async\" class=\"aligncenter  wp-image-14033\" alt=\"P1500354\" src=\"http:\/\/www.kunstgalerie-barbara.de\/blog\/wp-content\/uploads\/2014\/05\/P1500354-1024x641.jpg\" width=\"368\" height=\"231\" srcset=\"http:\/\/www.kunstgalerie-barbara.de\/blog\/wp-content\/uploads\/2014\/05\/P1500354-1024x641.jpg 1024w, http:\/\/www.kunstgalerie-barbara.de\/blog\/wp-content\/uploads\/2014\/05\/P1500354-300x187.jpg 300w\" sizes=\"(max-width: 368px) 100vw, 368px\" \/><\/a><\/p>\n","protected":false},"excerpt":{"rendered":"<p>&nbsp; auch Ihr k\u00f6nnt bei untenstehender Adresse T\u00fcrh\u00e4nger bestellen und dazu beitragen, da\u00df in Zukunft in Europa noch Demokratien existieren und wir nicht ferngelenkt werden von irgendwelchen Wirtschaftskonzernen!<\/p>\n","protected":false},"author":1,"featured_media":0,"comment_status":"open","ping_status":"open","sticky":false,"template":"","format":"standard","meta":{"footnotes":""},"categories":[42,40,51,64],"tags":[],"jetpack_featured_media_url":"","_links":{"self":[{"href":"http:\/\/www.kunstgalerie-barbara.de\/blog\/wp-json\/wp\/v2\/posts\/14030"}],"collection":[{"href":"http:\/\/www.kunstgalerie-barbara.de\/blog\/wp-json\/wp\/v2\/posts"}],"about":[{"href":"http:\/\/www.kunstgalerie-barbara.de\/blog\/wp-json\/wp\/v2\/types\/post"}],"author":[{"embeddable":true,"href":"http:\/\/www.kunstgalerie-barbara.de\/blog\/wp-json\/wp\/v2\/users\/1"}],"replies":[{"embeddable":true,"href":"http:\/\/www.kunstgalerie-barbara.de\/blog\/wp-json\/wp\/v2\/comments?post=14030"}],"version-history":[{"count":1,"href":"http:\/\/www.kunstgalerie-barbara.de\/blog\/wp-json\/wp\/v2\/posts\/14030\/revisions"}],"predecessor-version":[{"id":14040,"href":"http:\/\/www.kunstgalerie-barbara.de\/blog\/wp-json\/wp\/v2\/posts\/14030\/revisions\/14040"}],"wp:attachment":[{"href":"http:\/\/www.kunstgalerie-barbara.de\/blog\/wp-json\/wp\/v2\/media?parent=14030"}],"wp:term":[{"taxonomy":"category","embeddable":true,"href":"http:\/\/www.kunstgalerie-barbara.de\/blog\/wp-json\/wp\/v2\/categories?post=14030"},{"taxonomy":"post_tag","embeddable":true,"href":"http:\/\/www.kunstgalerie-barbara.de\/blog\/wp-json\/wp\/v2\/tags?post=14030"}],"curies":[{"name":"wp","href":"https:\/\/api.w.org\/{rel}","templated":true}]}}