{"id":14087,"date":"2014-06-25T07:57:18","date_gmt":"2014-06-25T05:57:18","guid":{"rendered":"http:\/\/www.kunstgalerie-barbara.de\/blog\/?p=14087"},"modified":"2014-06-25T08:28:22","modified_gmt":"2014-06-25T06:28:22","slug":"stoppt-die-sonnensteuer","status":"publish","type":"post","link":"http:\/\/www.kunstgalerie-barbara.de\/blog\/2014\/06\/stoppt-die-sonnensteuer\/","title":{"rendered":"Stoppt die Sonnensteuer&#8230;"},"content":{"rendered":"<p>Ein Artikel von <a href=\"http:\/\/blog.campact.de\/2014\/06\/sonnensteuer-die-spd-antwortet-auf-ihre-anzeige\/?utm_source=post-facebook&amp;utm_medium=social&amp;utm_term=die+spd+antwortet+auf+ihre+anzeige&amp;utm_content=blog&amp;utm_campaign=%2Fsonnensteuer\" target=\"_blank\">Christoph Bautz<\/a> \u00fcber den offenen Brief an die SPD-Landesgruppen Bayern und Baden-W\u00fcrttemberg und deren Antwort bez\u00fcglich der Sonnensteuer:<\/p>\n<figure id=\"attachment_14091\" aria-describedby=\"caption-attachment-14091\" style=\"width: 400px\" class=\"wp-caption aligncenter\"><a href=\"http:\/\/www.kunstgalerie-barbara.de\/blog\/wp-content\/uploads\/2014\/06\/Anzeige_Sonnensteuer.jpg\"><img loading=\"lazy\" decoding=\"async\" class=\"wp-image-14091\" src=\"http:\/\/www.kunstgalerie-barbara.de\/blog\/wp-content\/uploads\/2014\/06\/Anzeige_Sonnensteuer.jpg\" alt=\"Anzeige_Sonnensteuer\" width=\"400\" height=\"306\" srcset=\"http:\/\/www.kunstgalerie-barbara.de\/blog\/wp-content\/uploads\/2014\/06\/Anzeige_Sonnensteuer.jpg 838w, http:\/\/www.kunstgalerie-barbara.de\/blog\/wp-content\/uploads\/2014\/06\/Anzeige_Sonnensteuer-300x229.jpg 300w\" sizes=\"(max-width: 400px) 100vw, 400px\" \/><\/a><figcaption id=\"caption-attachment-14091\" class=\"wp-caption-text\">Offener Brief an die SPD Landesgruppen Bayern und Baden-W\u00fcrttemberg &#8211; \u00a9 Campact<\/figcaption><\/figure>\n<p><strong>Sonnensteuer: Die SPD antwortet auf Ihre Anzeige!<\/strong><\/p>\n<p>Das wird den SPD-Abgeordneten im Bundestag aus Bayern und Baden-W\u00fcrttemberg nicht gefallen haben: Wenn sie am Wochenende die <strong>S\u00fcddeutsche Zeitung<\/strong> aufschlugen, rief ihnen eine w\u00fctende Sonne entgegen: \u201eStoppen Sie die Sonnensteuer!\u201c <strong>Diese schm\u00fcckte eine gro\u00dfe Anzeige mit unserem Offenen Brief<\/strong> \u2013 finanziert von den Spenden tausender Campact-Aktiver aus beiden Bundesl\u00e4ndern. F\u00fcr die spontane Unterst\u00fctzung der Campact-Aktiven bedanken wir uns ganz herzlich.<\/p>\n<p>Die Anzeige wird die Abgeordneten sicherlich nochmal zum Nachdenken gebracht haben. <strong>Diese Woche m\u00fcssen sie im Bundestag \u00fcber die Sonnensteuer entscheiden.<\/strong> Sprich dar\u00fcber, ob der Ausbau der Solarenergie mit der Erhebung einer EEG-Umlage auf die Erzeugung und den Verbrauch von solarem Eigenstrom abgew\u00fcrgt wird. <strong>Die SPD-Abgeordneten aus dem S\u00fcden stehen mittlerweile v\u00f6llig isoliert da.<\/strong> Alle Abgeordneten der CDU-Landesgruppe aus Baden-W\u00fcrttemberg haben sich vorletzte Woche in einem Brief klar <strong>gegen die Sonnensteuer gestellt<\/strong> \u2013 und damit an die Seite der CSU, die die unsinnige \u201eSteuer\u201c verhindern will.<\/p>\n<p>Am letzten Freitag indes hielten die SPD-Abgeordneten aus Bayern und Baden-W\u00fcrttemberg uneinsichtig an der Sonnensteuer fest \u2013 und schickten uns eine Antwort auf unseren Offenen Brief an die beiden SPD-Landesgruppen. <strong>Jetzt haben wir wiederum geantwortet.<\/strong><\/p>\n<p><strong>Lesen Sie hier den SPD-Brief (<em>in kursiv<\/em>) und Campact&#8217;s Antwort:<\/strong> <a href=\"http:\/\/blog.campact.de\/2014\/06\/sonnensteuer-die-spd-antwortet-auf-ihre-anzeige\/?utm_source=post-facebook&amp;utm_medium=social&amp;utm_term=die+spd+antwortet+auf+ihre+anzeige&amp;utm_content=blog&amp;utm_campaign=%2Fsonnensteuer\" target=\"_blank\">http:\/\/blog.campact.de\/2014\/06\/sonnensteuer-die-spd-antwortet-auf-ihre-anzeige\/?utm_source=post-facebook&amp;utm_medium=social&amp;utm_term=die+spd+antwortet+auf+ihre+anzeige&amp;utm_content=blog&amp;utm_campaign=%2Fsonnensteuer<\/a><\/p>\n<p>&nbsp;<\/p>\n","protected":false},"excerpt":{"rendered":"<p>Ein Artikel von Christoph Bautz \u00fcber den offenen Brief an die SPD-Landesgruppen Bayern und Baden-W\u00fcrttemberg und deren Antwort bez\u00fcglich der Sonnensteuer: Sonnensteuer: Die SPD antwortet auf Ihre Anzeige! Das wird den SPD-Abgeordneten im Bundestag aus Bayern und Baden-W\u00fcrttemberg nicht gefallen haben: Wenn sie am Wochenende die S\u00fcddeutsche Zeitung aufschlugen, rief ihnen eine w\u00fctende Sonne entgegen: \u201eStoppen Sie die Sonnensteuer!\u201c Diese schm\u00fcckte eine gro\u00dfe Anzeige mit unserem Offenen Brief \u2013 finanziert von den Spenden tausender Campact-Aktiver aus beiden Bundesl\u00e4ndern. F\u00fcr die spontane Unterst\u00fctzung der Campact-Aktiven bedanken wir uns ganz herzlich. Die Anzeige wird die Abgeordneten sicherlich nochmal zum Nachdenken gebracht haben. Diese Woche m\u00fcssen sie im Bundestag \u00fcber die Sonnensteuer entscheiden. Sprich dar\u00fcber, ob der Ausbau der Solarenergie mit der Erhebung einer EEG-Umlage auf die Erzeugung und den Verbrauch von solarem Eigenstrom abgew\u00fcrgt wird. Die SPD-Abgeordneten aus dem S\u00fcden stehen mittlerweile v\u00f6llig isoliert da. Alle Abgeordneten der CDU-Landesgruppe aus Baden-W\u00fcrttemberg haben sich vorletzte Woche in einem Brief klar gegen die Sonnensteuer gestellt \u2013 und damit an die Seite der CSU, die die unsinnige \u201eSteuer\u201c verhindern will. Am letzten Freitag indes hielten die SPD-Abgeordneten aus Bayern und Baden-W\u00fcrttemberg uneinsichtig an der Sonnensteuer fest \u2013 und schickten uns eine Antwort auf unseren Offenen Brief an die beiden SPD-Landesgruppen. Jetzt haben wir wiederum geantwortet. Lesen Sie hier den SPD-Brief (in kursiv) und Campact&#8217;s Antwort: http:\/\/blog.campact.de\/2014\/06\/sonnensteuer-die-spd-antwortet-auf-ihre-anzeige\/?utm_source=post-facebook&amp;utm_medium=social&amp;utm_term=die+spd+antwortet+auf+ihre+anzeige&amp;utm_content=blog&amp;utm_campaign=%2Fsonnensteuer &nbsp;<\/p>\n","protected":false},"author":1,"featured_media":0,"comment_status":"open","ping_status":"open","sticky":false,"template":"","format":"standard","meta":{"footnotes":""},"categories":[42,40,51,64],"tags":[],"jetpack_featured_media_url":"","_links":{"self":[{"href":"http:\/\/www.kunstgalerie-barbara.de\/blog\/wp-json\/wp\/v2\/posts\/14087"}],"collection":[{"href":"http:\/\/www.kunstgalerie-barbara.de\/blog\/wp-json\/wp\/v2\/posts"}],"about":[{"href":"http:\/\/www.kunstgalerie-barbara.de\/blog\/wp-json\/wp\/v2\/types\/post"}],"author":[{"embeddable":true,"href":"http:\/\/www.kunstgalerie-barbara.de\/blog\/wp-json\/wp\/v2\/users\/1"}],"replies":[{"embeddable":true,"href":"http:\/\/www.kunstgalerie-barbara.de\/blog\/wp-json\/wp\/v2\/comments?post=14087"}],"version-history":[{"count":1,"href":"http:\/\/www.kunstgalerie-barbara.de\/blog\/wp-json\/wp\/v2\/posts\/14087\/revisions"}],"predecessor-version":[{"id":14092,"href":"http:\/\/www.kunstgalerie-barbara.de\/blog\/wp-json\/wp\/v2\/posts\/14087\/revisions\/14092"}],"wp:attachment":[{"href":"http:\/\/www.kunstgalerie-barbara.de\/blog\/wp-json\/wp\/v2\/media?parent=14087"}],"wp:term":[{"taxonomy":"category","embeddable":true,"href":"http:\/\/www.kunstgalerie-barbara.de\/blog\/wp-json\/wp\/v2\/categories?post=14087"},{"taxonomy":"post_tag","embeddable":true,"href":"http:\/\/www.kunstgalerie-barbara.de\/blog\/wp-json\/wp\/v2\/tags?post=14087"}],"curies":[{"name":"wp","href":"https:\/\/api.w.org\/{rel}","templated":true}]}}