{"id":14142,"date":"2014-07-13T06:18:27","date_gmt":"2014-07-13T04:18:27","guid":{"rendered":"http:\/\/www.kunstgalerie-barbara.de\/blog\/?p=14142"},"modified":"2014-07-13T06:18:27","modified_gmt":"2014-07-13T04:18:27","slug":"erdlinge-earthlings-verwendet-versteckte-kameras-und-vorher-nicht-gezeigtes-filmmaterial-um-die-taeglichen-praktiken-einiger-der-groessten-industrien-der-welt-aufzuzeichnen-deren-aller-profit-volls","status":"publish","type":"post","link":"http:\/\/www.kunstgalerie-barbara.de\/blog\/2014\/07\/erdlinge-earthlings-verwendet-versteckte-kameras-und-vorher-nicht-gezeigtes-filmmaterial-um-die-taeglichen-praktiken-einiger-der-groessten-industrien-der-welt-aufzuzeichnen-deren-aller-profit-volls\/","title":{"rendered":"Erdlinge Earthlings\u201d verwendet versteckte Kameras und vorher nicht gezeigtes Filmmaterial, um die t\u00e4glichen Praktiken einiger der gr\u00f6\u00dften Industrien der Welt aufzuzeichnen, deren aller Profit vollst\u00e4ndig auf Tieren beruht. Kraftvoll, informativ und zum Nachdenken anregend, ist \u201cEarthlings\u201d mit Abstand die umfassendste jemals produzierte Dokumentation zum Verh\u00e4ltnis zwischen Natur, Tieren und menschlichen Wirtschaftsinteressen. Es existieren viele w\u00fcrdige Tierrechtsfilme, aber dieser Film geht \u00fcber das Bisherige hinaus. aber Vosicht &#8211; nur etwas f\u00fcr starke Nerven!!"},"content":{"rendered":"<p><a href=\"http:\/\/iframewidth=420height=315src=\/\/www.youtube.com\/embed\/vo3lpQm1nG4frameborder=0allowfullscreen\/iframe\"><iframe loading=\"lazy\" src=\"\/\/www.youtube.com\/embed\/vo3lpQm1nG4\" width=\"420\" height=\"315\" frameborder=\"0\" allowfullscreen=\"allowfullscreen\"><\/iframe><\/a><\/p>\n","protected":false},"excerpt":{"rendered":"","protected":false},"author":1,"featured_media":0,"comment_status":"open","ping_status":"open","sticky":false,"template":"","format":"standard","meta":{"footnotes":""},"categories":[42,40,51,64],"tags":[],"jetpack_featured_media_url":"","_links":{"self":[{"href":"http:\/\/www.kunstgalerie-barbara.de\/blog\/wp-json\/wp\/v2\/posts\/14142"}],"collection":[{"href":"http:\/\/www.kunstgalerie-barbara.de\/blog\/wp-json\/wp\/v2\/posts"}],"about":[{"href":"http:\/\/www.kunstgalerie-barbara.de\/blog\/wp-json\/wp\/v2\/types\/post"}],"author":[{"embeddable":true,"href":"http:\/\/www.kunstgalerie-barbara.de\/blog\/wp-json\/wp\/v2\/users\/1"}],"replies":[{"embeddable":true,"href":"http:\/\/www.kunstgalerie-barbara.de\/blog\/wp-json\/wp\/v2\/comments?post=14142"}],"version-history":[{"count":1,"href":"http:\/\/www.kunstgalerie-barbara.de\/blog\/wp-json\/wp\/v2\/posts\/14142\/revisions"}],"predecessor-version":[{"id":14143,"href":"http:\/\/www.kunstgalerie-barbara.de\/blog\/wp-json\/wp\/v2\/posts\/14142\/revisions\/14143"}],"wp:attachment":[{"href":"http:\/\/www.kunstgalerie-barbara.de\/blog\/wp-json\/wp\/v2\/media?parent=14142"}],"wp:term":[{"taxonomy":"category","embeddable":true,"href":"http:\/\/www.kunstgalerie-barbara.de\/blog\/wp-json\/wp\/v2\/categories?post=14142"},{"taxonomy":"post_tag","embeddable":true,"href":"http:\/\/www.kunstgalerie-barbara.de\/blog\/wp-json\/wp\/v2\/tags?post=14142"}],"curies":[{"name":"wp","href":"https:\/\/api.w.org\/{rel}","templated":true}]}}