{"id":14157,"date":"2014-07-15T06:14:08","date_gmt":"2014-07-15T04:14:08","guid":{"rendered":"http:\/\/www.kunstgalerie-barbara.de\/blog\/?p=14157"},"modified":"2014-07-15T06:14:08","modified_gmt":"2014-07-15T04:14:08","slug":"erfrischender-zitronenkuchen","status":"publish","type":"post","link":"http:\/\/www.kunstgalerie-barbara.de\/blog\/2014\/07\/erfrischender-zitronenkuchen\/","title":{"rendered":"Erfrischender Zitronenkuchen &#8230;"},"content":{"rendered":"<p style=\"text-align: center;\"><a href=\"http:\/\/www.kunstgalerie-barbara.de\/blog\/wp-content\/uploads\/2014\/07\/page.jpg\"><img loading=\"lazy\" decoding=\"async\" class=\"aligncenter size-full wp-image-14158\" src=\"http:\/\/www.kunstgalerie-barbara.de\/blog\/wp-content\/uploads\/2014\/07\/page.jpg\" alt=\"page\" width=\"406\" height=\"406\" srcset=\"http:\/\/www.kunstgalerie-barbara.de\/blog\/wp-content\/uploads\/2014\/07\/page.jpg 406w, http:\/\/www.kunstgalerie-barbara.de\/blog\/wp-content\/uploads\/2014\/07\/page-150x150.jpg 150w, http:\/\/www.kunstgalerie-barbara.de\/blog\/wp-content\/uploads\/2014\/07\/page-300x300.jpg 300w\" sizes=\"(max-width: 406px) 100vw, 406px\" \/><\/a>f\u00fcr hei\u00dfe Sommertage<br \/>\ngeht so:<!--more--> Von zwei\u00a0 bis drei ungespritzten Zitronen die Schale abreiben und den Saft auspressen.<br \/>\nAus 300 Gramm\u00a0 geriebenen Mandeln, drei Eiern, 150 Vollkornweizenmehl, einem P\u00e4ckchen Backpulver, einer Prise Salz, 150 Gramm Vollrohrzucker, zwei bis drei Tropfen Zitronen\u00f6l, einer halben Tasse Raps\u00f6l, zusammen mit der Zitronenschale und dem Zitronensaft in der K\u00fcchenmaschine\u00a0 oder mit dem Handr\u00fchrer einen Teig zubereiten. Sollte er zu dickfl\u00fcssig sein, ein wenig Wasser hinzuf\u00fcgen.<br \/>\nDen fertigen Teig in eine gefettete Springform f\u00fcllen und bei 200\u00b0 auf der untersten Schiene im Backofen eine halbe Stunde backen. Ausk\u00fchlen lassen mit Puderzucker best\u00e4uben und wer will kann ihn mit Beerenobst servieren!<\/p>\n<p style=\"text-align: center;\">GUTEN APPETIT<\/p>\n","protected":false},"excerpt":{"rendered":"<p>f\u00fcr hei\u00dfe Sommertage geht so:<\/p>\n","protected":false},"author":1,"featured_media":0,"comment_status":"open","ping_status":"open","sticky":false,"template":"","format":"standard","meta":{"footnotes":""},"categories":[27,51],"tags":[],"jetpack_featured_media_url":"","_links":{"self":[{"href":"http:\/\/www.kunstgalerie-barbara.de\/blog\/wp-json\/wp\/v2\/posts\/14157"}],"collection":[{"href":"http:\/\/www.kunstgalerie-barbara.de\/blog\/wp-json\/wp\/v2\/posts"}],"about":[{"href":"http:\/\/www.kunstgalerie-barbara.de\/blog\/wp-json\/wp\/v2\/types\/post"}],"author":[{"embeddable":true,"href":"http:\/\/www.kunstgalerie-barbara.de\/blog\/wp-json\/wp\/v2\/users\/1"}],"replies":[{"embeddable":true,"href":"http:\/\/www.kunstgalerie-barbara.de\/blog\/wp-json\/wp\/v2\/comments?post=14157"}],"version-history":[{"count":1,"href":"http:\/\/www.kunstgalerie-barbara.de\/blog\/wp-json\/wp\/v2\/posts\/14157\/revisions"}],"predecessor-version":[{"id":14159,"href":"http:\/\/www.kunstgalerie-barbara.de\/blog\/wp-json\/wp\/v2\/posts\/14157\/revisions\/14159"}],"wp:attachment":[{"href":"http:\/\/www.kunstgalerie-barbara.de\/blog\/wp-json\/wp\/v2\/media?parent=14157"}],"wp:term":[{"taxonomy":"category","embeddable":true,"href":"http:\/\/www.kunstgalerie-barbara.de\/blog\/wp-json\/wp\/v2\/categories?post=14157"},{"taxonomy":"post_tag","embeddable":true,"href":"http:\/\/www.kunstgalerie-barbara.de\/blog\/wp-json\/wp\/v2\/tags?post=14157"}],"curies":[{"name":"wp","href":"https:\/\/api.w.org\/{rel}","templated":true}]}}