{"id":14211,"date":"2014-08-06T08:09:49","date_gmt":"2014-08-06T06:09:49","guid":{"rendered":"http:\/\/www.kunstgalerie-barbara.de\/blog\/?p=14211"},"modified":"2014-08-06T08:10:16","modified_gmt":"2014-08-06T06:10:16","slug":"kuehe-im-nebel","status":"publish","type":"post","link":"http:\/\/www.kunstgalerie-barbara.de\/blog\/2014\/08\/kuehe-im-nebel\/","title":{"rendered":"K\u00fche im Nebel&#8230;"},"content":{"rendered":"<p><a href=\"http:\/\/www.kunstgalerie-barbara.de\/blog\/wp-content\/uploads\/2014\/08\/P1530682-Kopie.jpg\"><img loading=\"lazy\" decoding=\"async\" class=\"aligncenter size-full wp-image-14212\" src=\"http:\/\/www.kunstgalerie-barbara.de\/blog\/wp-content\/uploads\/2014\/08\/P1530682-Kopie.jpg\" alt=\"P1530682 Kopie\" width=\"470\" height=\"207\" srcset=\"http:\/\/www.kunstgalerie-barbara.de\/blog\/wp-content\/uploads\/2014\/08\/P1530682-Kopie.jpg 470w, http:\/\/www.kunstgalerie-barbara.de\/blog\/wp-content\/uploads\/2014\/08\/P1530682-Kopie-300x132.jpg 300w\" sizes=\"(max-width: 470px) 100vw, 470px\" \/><\/a>Wirkt romantisch, ist es aber keineswegs, denn K\u00fche m\u00fcssen in den\u00a0 Sommermonaten bei jeglicher Witterung vierundzwanzig Stunden am Tag Woche f\u00fcr Woche, Bei Regen, Sturm, Gewitter, st\u00e4rkster Hitze ausharren. Meist haben sie keine M\u00f6glichkeit unter B\u00e4umen Schutz zu suchen!<br \/>\nWarum diese Tierqu\u00e4lerei? Ganz einfach, f\u00fcr die meisten Menschen, so auch f\u00fcr die Landwirte, sind Rinder keine sensiblen f\u00fchlenden Wesen, sie sind Nummern und nurmehr Milch oder Fleischlieferanten!<\/p>\n","protected":false},"excerpt":{"rendered":"<p>Wirkt romantisch, ist es aber keineswegs, denn K\u00fche m\u00fcssen in den\u00a0 Sommermonaten bei jeglicher Witterung vierundzwanzig Stunden am Tag Woche f\u00fcr Woche, Bei Regen, Sturm, Gewitter, st\u00e4rkster Hitze ausharren. Meist haben sie keine M\u00f6glichkeit unter B\u00e4umen Schutz zu suchen! Warum diese Tierqu\u00e4lerei? Ganz einfach, f\u00fcr die meisten Menschen, so auch f\u00fcr die Landwirte, sind Rinder keine sensiblen f\u00fchlenden Wesen, sie sind Nummern und nurmehr Milch oder Fleischlieferanten!<\/p>\n","protected":false},"author":1,"featured_media":0,"comment_status":"open","ping_status":"open","sticky":false,"template":"","format":"standard","meta":{"footnotes":""},"categories":[22,42,19,51,64],"tags":[],"jetpack_featured_media_url":"","_links":{"self":[{"href":"http:\/\/www.kunstgalerie-barbara.de\/blog\/wp-json\/wp\/v2\/posts\/14211"}],"collection":[{"href":"http:\/\/www.kunstgalerie-barbara.de\/blog\/wp-json\/wp\/v2\/posts"}],"about":[{"href":"http:\/\/www.kunstgalerie-barbara.de\/blog\/wp-json\/wp\/v2\/types\/post"}],"author":[{"embeddable":true,"href":"http:\/\/www.kunstgalerie-barbara.de\/blog\/wp-json\/wp\/v2\/users\/1"}],"replies":[{"embeddable":true,"href":"http:\/\/www.kunstgalerie-barbara.de\/blog\/wp-json\/wp\/v2\/comments?post=14211"}],"version-history":[{"count":1,"href":"http:\/\/www.kunstgalerie-barbara.de\/blog\/wp-json\/wp\/v2\/posts\/14211\/revisions"}],"predecessor-version":[{"id":14214,"href":"http:\/\/www.kunstgalerie-barbara.de\/blog\/wp-json\/wp\/v2\/posts\/14211\/revisions\/14214"}],"wp:attachment":[{"href":"http:\/\/www.kunstgalerie-barbara.de\/blog\/wp-json\/wp\/v2\/media?parent=14211"}],"wp:term":[{"taxonomy":"category","embeddable":true,"href":"http:\/\/www.kunstgalerie-barbara.de\/blog\/wp-json\/wp\/v2\/categories?post=14211"},{"taxonomy":"post_tag","embeddable":true,"href":"http:\/\/www.kunstgalerie-barbara.de\/blog\/wp-json\/wp\/v2\/tags?post=14211"}],"curies":[{"name":"wp","href":"https:\/\/api.w.org\/{rel}","templated":true}]}}