{"id":14245,"date":"2014-08-14T10:15:51","date_gmt":"2014-08-14T08:15:51","guid":{"rendered":"http:\/\/www.kunstgalerie-barbara.de\/blog\/?p=14245"},"modified":"2014-08-14T10:18:38","modified_gmt":"2014-08-14T08:18:38","slug":"pastinaken-merrettich-brotaufstrich","status":"publish","type":"post","link":"http:\/\/www.kunstgalerie-barbara.de\/blog\/2014\/08\/pastinaken-merrettich-brotaufstrich\/","title":{"rendered":"Pastinaken-Merrettich-Brotaufstrich&#8230;"},"content":{"rendered":"<p>&nbsp;<\/p>\n<p style=\"text-align: center;\"><a href=\"http:\/\/www.kunstgalerie-barbara.de\/blog\/wp-content\/uploads\/2014\/08\/Brotaufstrich-Kopie.jpg\"><img loading=\"lazy\" decoding=\"async\" class=\"aligncenter size-full wp-image-14246\" src=\"http:\/\/www.kunstgalerie-barbara.de\/blog\/wp-content\/uploads\/2014\/08\/Brotaufstrich-Kopie.jpg\" alt=\"Brotaufstrich Kopie\" width=\"450\" height=\"600\" srcset=\"http:\/\/www.kunstgalerie-barbara.de\/blog\/wp-content\/uploads\/2014\/08\/Brotaufstrich-Kopie.jpg 450w, http:\/\/www.kunstgalerie-barbara.de\/blog\/wp-content\/uploads\/2014\/08\/Brotaufstrich-Kopie-225x300.jpg 225w\" sizes=\"(max-width: 450px) 100vw, 450px\" \/><\/a>geht so:<!--more-->Eine mittelgro\u00dfe Pastinake gesch\u00e4lt, ein St\u00fcck Selleriewurzel gesch\u00e4lt, eine M\u00f6hre in kleine St\u00fccken geschnitten und zusammen mit vier Streifchen Pepperoni, einem viertel Liter Wei\u00dfwein, einem E\u00dfl\u00f6ffel Gem\u00fcsebr\u00fche, etwas geriebenem Apfel, frischem oder gerebbeltem Oregano garen. Zum Schlu\u00df einen gestrichenen E\u00dfl. Johannesbrotmehl zum Andicken hinzuf\u00fcgen. Dann ab in den Mixer und mit etwas Raps\u00f6l und einem Teel. Merrettich p\u00fcrrieren. In ein Weckglas f\u00fcllen.<br \/>\nDer Brotaufstrich h\u00e4lt sich im K\u00fchlschrank etwa eine Woche.<\/p>\n<p style=\"text-align: center;\"><a href=\"http:\/\/www.kunstgalerie-barbara.de\/blog\/wp-content\/uploads\/2014\/08\/P1310330-Kopie.jpg\"><img loading=\"lazy\" decoding=\"async\" class=\"aligncenter size-full wp-image-14248\" src=\"http:\/\/www.kunstgalerie-barbara.de\/blog\/wp-content\/uploads\/2014\/08\/P1310330-Kopie.jpg\" alt=\"P1310330 Kopie\" width=\"470\" height=\"353\" srcset=\"http:\/\/www.kunstgalerie-barbara.de\/blog\/wp-content\/uploads\/2014\/08\/P1310330-Kopie.jpg 470w, http:\/\/www.kunstgalerie-barbara.de\/blog\/wp-content\/uploads\/2014\/08\/P1310330-Kopie-300x225.jpg 300w\" sizes=\"(max-width: 470px) 100vw, 470px\" \/><\/a>pa\u00dft prima zum selbstgebackenen Korianderbrot!<br \/>\nWie&#8217;s geht in meinen Rezepten nachzulesen.<\/p>\n<p style=\"text-align: center;\">GUTEN APPETIT<\/p>\n","protected":false},"excerpt":{"rendered":"<p>&nbsp; geht so:<\/p>\n","protected":false},"author":1,"featured_media":0,"comment_status":"open","ping_status":"open","sticky":false,"template":"","format":"standard","meta":{"footnotes":""},"categories":[3,27],"tags":[],"jetpack_featured_media_url":"","_links":{"self":[{"href":"http:\/\/www.kunstgalerie-barbara.de\/blog\/wp-json\/wp\/v2\/posts\/14245"}],"collection":[{"href":"http:\/\/www.kunstgalerie-barbara.de\/blog\/wp-json\/wp\/v2\/posts"}],"about":[{"href":"http:\/\/www.kunstgalerie-barbara.de\/blog\/wp-json\/wp\/v2\/types\/post"}],"author":[{"embeddable":true,"href":"http:\/\/www.kunstgalerie-barbara.de\/blog\/wp-json\/wp\/v2\/users\/1"}],"replies":[{"embeddable":true,"href":"http:\/\/www.kunstgalerie-barbara.de\/blog\/wp-json\/wp\/v2\/comments?post=14245"}],"version-history":[{"count":1,"href":"http:\/\/www.kunstgalerie-barbara.de\/blog\/wp-json\/wp\/v2\/posts\/14245\/revisions"}],"predecessor-version":[{"id":14251,"href":"http:\/\/www.kunstgalerie-barbara.de\/blog\/wp-json\/wp\/v2\/posts\/14245\/revisions\/14251"}],"wp:attachment":[{"href":"http:\/\/www.kunstgalerie-barbara.de\/blog\/wp-json\/wp\/v2\/media?parent=14245"}],"wp:term":[{"taxonomy":"category","embeddable":true,"href":"http:\/\/www.kunstgalerie-barbara.de\/blog\/wp-json\/wp\/v2\/categories?post=14245"},{"taxonomy":"post_tag","embeddable":true,"href":"http:\/\/www.kunstgalerie-barbara.de\/blog\/wp-json\/wp\/v2\/tags?post=14245"}],"curies":[{"name":"wp","href":"https:\/\/api.w.org\/{rel}","templated":true}]}}