{"id":14257,"date":"2014-08-18T17:53:41","date_gmt":"2014-08-18T15:53:41","guid":{"rendered":"http:\/\/www.kunstgalerie-barbara.de\/blog\/?p=14257"},"modified":"2026-04-17T16:14:28","modified_gmt":"2026-04-17T14:14:28","slug":"ein-korb-voller-sommerblumen","status":"publish","type":"post","link":"http:\/\/www.kunstgalerie-barbara.de\/blog\/2014\/08\/ein-korb-voller-sommerblumen\/","title":{"rendered":"Ein Korb voller Sommerblumen&#8230;"},"content":{"rendered":"<p><a href=\"http:\/\/www.kunstgalerie-barbara.de\/blog\/wp-content\/uploads\/2014\/08\/P1540807-Kopie.jpg\"><img loading=\"lazy\" decoding=\"async\" class=\"aligncenter wp-image-14258 \" src=\"http:\/\/www.kunstgalerie-barbara.de\/blog\/wp-content\/uploads\/2014\/08\/P1540807-Kopie.jpg\" alt=\"P1540807 Kopie\" width=\"934\" height=\"626\" srcset=\"http:\/\/www.kunstgalerie-barbara.de\/blog\/wp-content\/uploads\/2014\/08\/P1540807-Kopie.jpg 470w, http:\/\/www.kunstgalerie-barbara.de\/blog\/wp-content\/uploads\/2014\/08\/P1540807-Kopie-300x201.jpg 300w\" sizes=\"(max-width: 934px) 100vw, 934px\" \/><\/a>&#8230;gepfl\u00fcckt in einem Bauerngarten in Fischerhude, indem man nach Lust und Laune in Sommerblumen schwelgen kann. Nat\u00fcrlich sind die Str\u00e4u\u00dfe nicht umsonst, aber doch um einiges preiswerter als im Blumenladen und ein selbst gepfl\u00fcckter Strau\u00df ist doch immer etwas ganz Besonderes!<\/p>\n","protected":false},"excerpt":{"rendered":"<p>&#8230;gepfl\u00fcckt in einem Bauerngarten in Fischerhude, indem man nach Lust und Laune in Sommerblumen schwelgen kann. Nat\u00fcrlich sind die Str\u00e4u\u00dfe nicht umsonst, aber doch um einiges preiswerter als im Blumenladen und ein selbst gepfl\u00fcckter Strau\u00df ist doch immer etwas ganz Besonderes!<\/p>\n","protected":false},"author":1,"featured_media":0,"comment_status":"open","ping_status":"open","sticky":false,"template":"","format":"standard","meta":{"footnotes":""},"categories":[22,26,19,51],"tags":[],"jetpack_featured_media_url":"","_links":{"self":[{"href":"http:\/\/www.kunstgalerie-barbara.de\/blog\/wp-json\/wp\/v2\/posts\/14257"}],"collection":[{"href":"http:\/\/www.kunstgalerie-barbara.de\/blog\/wp-json\/wp\/v2\/posts"}],"about":[{"href":"http:\/\/www.kunstgalerie-barbara.de\/blog\/wp-json\/wp\/v2\/types\/post"}],"author":[{"embeddable":true,"href":"http:\/\/www.kunstgalerie-barbara.de\/blog\/wp-json\/wp\/v2\/users\/1"}],"replies":[{"embeddable":true,"href":"http:\/\/www.kunstgalerie-barbara.de\/blog\/wp-json\/wp\/v2\/comments?post=14257"}],"version-history":[{"count":2,"href":"http:\/\/www.kunstgalerie-barbara.de\/blog\/wp-json\/wp\/v2\/posts\/14257\/revisions"}],"predecessor-version":[{"id":24177,"href":"http:\/\/www.kunstgalerie-barbara.de\/blog\/wp-json\/wp\/v2\/posts\/14257\/revisions\/24177"}],"wp:attachment":[{"href":"http:\/\/www.kunstgalerie-barbara.de\/blog\/wp-json\/wp\/v2\/media?parent=14257"}],"wp:term":[{"taxonomy":"category","embeddable":true,"href":"http:\/\/www.kunstgalerie-barbara.de\/blog\/wp-json\/wp\/v2\/categories?post=14257"},{"taxonomy":"post_tag","embeddable":true,"href":"http:\/\/www.kunstgalerie-barbara.de\/blog\/wp-json\/wp\/v2\/tags?post=14257"}],"curies":[{"name":"wp","href":"https:\/\/api.w.org\/{rel}","templated":true}]}}