{"id":14275,"date":"2014-08-21T09:59:15","date_gmt":"2014-08-21T07:59:15","guid":{"rendered":"http:\/\/www.kunstgalerie-barbara.de\/blog\/?p=14275"},"modified":"2014-08-21T11:18:17","modified_gmt":"2014-08-21T09:18:17","slug":"gen-food-auf-dem-vormarsch-wie-die-lobbyisten-druck-machen-ein-bericht-von-report-muenchen","status":"publish","type":"post","link":"http:\/\/www.kunstgalerie-barbara.de\/blog\/2014\/08\/gen-food-auf-dem-vormarsch-wie-die-lobbyisten-druck-machen-ein-bericht-von-report-muenchen\/","title":{"rendered":"Krank machendes Gen-Food auf dem Vormarsch! Wie die Lobbyisten Druck machen! Ein Bericht von Report M\u00fcnchen&#8230;"},"content":{"rendered":"<p>Angeblich werden auf deutschen Feldern bisher noch keine Gen-Pflanzen gro\u00dffl\u00e4chig angebaut. Das Europaparlament allerdings hat den Weg frei gemacht f\u00fcr Monsanto &amp; Co. Jedes Eu-Land kann sich\u00a0 bis jetzt\u00a0 noch frei entscheiden, ob oder nicht. Fragt sich nur, ob Deutschland dem Druck der Lobby standh\u00e4lt?<\/p>\n<p><a href=\"http:\/\/mediathek.daserste.de\/tv\/report-M%C3%9CNCHEN\/Genfood-auf-dem-Vormarsch-Wie-die-Lobb\/Das-Erste\/Video?documentId=23035540&amp;topRessort=tv&amp;bcastId=431936\" target=\"_blank\">http:\/\/mediathek.daserste.de\/tv\/report-M%C3%9CNCHEN\/Genfood-auf-dem-Vormarsch-Wie-die-Lobb\/Das-Erste\/Video?documentId=23035540&amp;topRessort=tv&amp;bcastId=431936<\/a><\/p>\n","protected":false},"excerpt":{"rendered":"<p>Angeblich werden auf deutschen Feldern bisher noch keine Gen-Pflanzen gro\u00dffl\u00e4chig angebaut. Das Europaparlament allerdings hat den Weg frei gemacht f\u00fcr Monsanto &amp; Co. Jedes Eu-Land kann sich\u00a0 bis jetzt\u00a0 noch frei entscheiden, ob oder nicht. Fragt sich nur, ob Deutschland dem Druck der Lobby standh\u00e4lt? http:\/\/mediathek.daserste.de\/tv\/report-M%C3%9CNCHEN\/Genfood-auf-dem-Vormarsch-Wie-die-Lobb\/Das-Erste\/Video?documentId=23035540&amp;topRessort=tv&amp;bcastId=431936<\/p>\n","protected":false},"author":1,"featured_media":0,"comment_status":"open","ping_status":"open","sticky":false,"template":"","format":"standard","meta":{"footnotes":""},"categories":[42,40,51,64],"tags":[],"jetpack_featured_media_url":"","_links":{"self":[{"href":"http:\/\/www.kunstgalerie-barbara.de\/blog\/wp-json\/wp\/v2\/posts\/14275"}],"collection":[{"href":"http:\/\/www.kunstgalerie-barbara.de\/blog\/wp-json\/wp\/v2\/posts"}],"about":[{"href":"http:\/\/www.kunstgalerie-barbara.de\/blog\/wp-json\/wp\/v2\/types\/post"}],"author":[{"embeddable":true,"href":"http:\/\/www.kunstgalerie-barbara.de\/blog\/wp-json\/wp\/v2\/users\/1"}],"replies":[{"embeddable":true,"href":"http:\/\/www.kunstgalerie-barbara.de\/blog\/wp-json\/wp\/v2\/comments?post=14275"}],"version-history":[{"count":1,"href":"http:\/\/www.kunstgalerie-barbara.de\/blog\/wp-json\/wp\/v2\/posts\/14275\/revisions"}],"predecessor-version":[{"id":14283,"href":"http:\/\/www.kunstgalerie-barbara.de\/blog\/wp-json\/wp\/v2\/posts\/14275\/revisions\/14283"}],"wp:attachment":[{"href":"http:\/\/www.kunstgalerie-barbara.de\/blog\/wp-json\/wp\/v2\/media?parent=14275"}],"wp:term":[{"taxonomy":"category","embeddable":true,"href":"http:\/\/www.kunstgalerie-barbara.de\/blog\/wp-json\/wp\/v2\/categories?post=14275"},{"taxonomy":"post_tag","embeddable":true,"href":"http:\/\/www.kunstgalerie-barbara.de\/blog\/wp-json\/wp\/v2\/tags?post=14275"}],"curies":[{"name":"wp","href":"https:\/\/api.w.org\/{rel}","templated":true}]}}