{"id":14286,"date":"2014-08-23T08:41:01","date_gmt":"2014-08-23T06:41:01","guid":{"rendered":"http:\/\/www.kunstgalerie-barbara.de\/blog\/?p=14286"},"modified":"2014-08-23T11:09:39","modified_gmt":"2014-08-23T09:09:39","slug":"kressebrote","status":"publish","type":"post","link":"http:\/\/www.kunstgalerie-barbara.de\/blog\/2014\/08\/kressebrote\/","title":{"rendered":"Kressebrote&#8230;"},"content":{"rendered":"<p style=\"text-align: center;\"><a href=\"http:\/\/www.kunstgalerie-barbara.de\/blog\/wp-content\/uploads\/2014\/08\/P1540885-Kopie.jpg\"><img loading=\"lazy\" decoding=\"async\" class=\"aligncenter wp-image-14287 size-full\" src=\"http:\/\/www.kunstgalerie-barbara.de\/blog\/wp-content\/uploads\/2014\/08\/P1540885-Kopie.jpg\" alt=\"P1540885 Kopie\" width=\"470\" height=\"555\" srcset=\"http:\/\/www.kunstgalerie-barbara.de\/blog\/wp-content\/uploads\/2014\/08\/P1540885-Kopie.jpg 470w, http:\/\/www.kunstgalerie-barbara.de\/blog\/wp-content\/uploads\/2014\/08\/P1540885-Kopie-254x300.jpg 254w\" sizes=\"(max-width: 470px) 100vw, 470px\" \/><\/a>&#8230;als Snack oder Hauptmahlzeit immer passend und unvergleichlich lecker!<\/p>\n<p style=\"text-align: center;\">geht so:<\/p>\n<p style=\"text-align: center;\">Vollkornbrotscheiben mit Tartex oder einem Brotaufstrich der Wahl bestreichen, mit Tomaten und Gurkenscheiben garnieren mit Kr\u00e4utersalz und schwarzem gemahlenem Pfeffer bestreuen und ganz obenauf ein Kressestr\u00e4u\u00dfchen!<\/p>\n<p style=\"text-align: center;\">GUTEN APPETIT<\/p>\n","protected":false},"excerpt":{"rendered":"<p>&#8230;als Snack oder Hauptmahlzeit immer passend und unvergleichlich lecker! geht so: Vollkornbrotscheiben mit Tartex oder einem Brotaufstrich der Wahl bestreichen, mit Tomaten und Gurkenscheiben garnieren mit Kr\u00e4utersalz und schwarzem gemahlenem Pfeffer bestreuen und ganz obenauf ein Kressestr\u00e4u\u00dfchen! GUTEN APPETIT<\/p>\n","protected":false},"author":1,"featured_media":0,"comment_status":"open","ping_status":"open","sticky":false,"template":"","format":"standard","meta":{"footnotes":""},"categories":[27,51],"tags":[],"jetpack_featured_media_url":"","_links":{"self":[{"href":"http:\/\/www.kunstgalerie-barbara.de\/blog\/wp-json\/wp\/v2\/posts\/14286"}],"collection":[{"href":"http:\/\/www.kunstgalerie-barbara.de\/blog\/wp-json\/wp\/v2\/posts"}],"about":[{"href":"http:\/\/www.kunstgalerie-barbara.de\/blog\/wp-json\/wp\/v2\/types\/post"}],"author":[{"embeddable":true,"href":"http:\/\/www.kunstgalerie-barbara.de\/blog\/wp-json\/wp\/v2\/users\/1"}],"replies":[{"embeddable":true,"href":"http:\/\/www.kunstgalerie-barbara.de\/blog\/wp-json\/wp\/v2\/comments?post=14286"}],"version-history":[{"count":1,"href":"http:\/\/www.kunstgalerie-barbara.de\/blog\/wp-json\/wp\/v2\/posts\/14286\/revisions"}],"predecessor-version":[{"id":14290,"href":"http:\/\/www.kunstgalerie-barbara.de\/blog\/wp-json\/wp\/v2\/posts\/14286\/revisions\/14290"}],"wp:attachment":[{"href":"http:\/\/www.kunstgalerie-barbara.de\/blog\/wp-json\/wp\/v2\/media?parent=14286"}],"wp:term":[{"taxonomy":"category","embeddable":true,"href":"http:\/\/www.kunstgalerie-barbara.de\/blog\/wp-json\/wp\/v2\/categories?post=14286"},{"taxonomy":"post_tag","embeddable":true,"href":"http:\/\/www.kunstgalerie-barbara.de\/blog\/wp-json\/wp\/v2\/tags?post=14286"}],"curies":[{"name":"wp","href":"https:\/\/api.w.org\/{rel}","templated":true}]}}