{"id":14321,"date":"2014-08-30T12:20:24","date_gmt":"2014-08-30T10:20:24","guid":{"rendered":"http:\/\/www.kunstgalerie-barbara.de\/blog\/?p=14321"},"modified":"2014-08-30T12:20:24","modified_gmt":"2014-08-30T10:20:24","slug":"vorgaerten-muessen-nicht-zwangslaeufig-stereotyp-und-langweilig-sein","status":"publish","type":"post","link":"http:\/\/www.kunstgalerie-barbara.de\/blog\/2014\/08\/vorgaerten-muessen-nicht-zwangslaeufig-stereotyp-und-langweilig-sein\/","title":{"rendered":"Vorg\u00e4rten m\u00fcssen nicht zwangsl\u00e4ufig stereotyp und langweilig sein&#8230;"},"content":{"rendered":"<p><a href=\"http:\/\/www.kunstgalerie-barbara.de\/blog\/wp-content\/uploads\/2014\/08\/P1550492-Kopie.jpg\"><img loading=\"lazy\" decoding=\"async\" class=\"aligncenter wp-image-14322 size-full\" src=\"http:\/\/www.kunstgalerie-barbara.de\/blog\/wp-content\/uploads\/2014\/08\/P1550492-Kopie.jpg\" alt=\"P1550492 Kopie\" width=\"470\" height=\"323\" srcset=\"http:\/\/www.kunstgalerie-barbara.de\/blog\/wp-content\/uploads\/2014\/08\/P1550492-Kopie.jpg 470w, http:\/\/www.kunstgalerie-barbara.de\/blog\/wp-content\/uploads\/2014\/08\/P1550492-Kopie-300x206.jpg 300w\" sizes=\"(max-width: 470px) 100vw, 470px\" \/><\/a><\/p>\n<p style=\"text-align: center;\">&#8230;wie man hier sehen kann! Mit ein wenig Mut l\u00e4\u00dft man es einfach ungehemmt und ohne Umz\u00e4unung wuchern auch wenn ein Teil des Gehwegs dabei fl\u00f6ten geht. Sch\u00f6nheit braucht eben Platz!<\/p>\n","protected":false},"excerpt":{"rendered":"<p>&#8230;wie man hier sehen kann! Mit ein wenig Mut l\u00e4\u00dft man es einfach ungehemmt und ohne Umz\u00e4unung wuchern auch wenn ein Teil des Gehwegs dabei fl\u00f6ten geht. Sch\u00f6nheit braucht eben Platz!<\/p>\n","protected":false},"author":1,"featured_media":0,"comment_status":"open","ping_status":"open","sticky":false,"template":"","format":"standard","meta":{"footnotes":""},"categories":[26,51,64],"tags":[],"jetpack_featured_media_url":"","_links":{"self":[{"href":"http:\/\/www.kunstgalerie-barbara.de\/blog\/wp-json\/wp\/v2\/posts\/14321"}],"collection":[{"href":"http:\/\/www.kunstgalerie-barbara.de\/blog\/wp-json\/wp\/v2\/posts"}],"about":[{"href":"http:\/\/www.kunstgalerie-barbara.de\/blog\/wp-json\/wp\/v2\/types\/post"}],"author":[{"embeddable":true,"href":"http:\/\/www.kunstgalerie-barbara.de\/blog\/wp-json\/wp\/v2\/users\/1"}],"replies":[{"embeddable":true,"href":"http:\/\/www.kunstgalerie-barbara.de\/blog\/wp-json\/wp\/v2\/comments?post=14321"}],"version-history":[{"count":1,"href":"http:\/\/www.kunstgalerie-barbara.de\/blog\/wp-json\/wp\/v2\/posts\/14321\/revisions"}],"predecessor-version":[{"id":14323,"href":"http:\/\/www.kunstgalerie-barbara.de\/blog\/wp-json\/wp\/v2\/posts\/14321\/revisions\/14323"}],"wp:attachment":[{"href":"http:\/\/www.kunstgalerie-barbara.de\/blog\/wp-json\/wp\/v2\/media?parent=14321"}],"wp:term":[{"taxonomy":"category","embeddable":true,"href":"http:\/\/www.kunstgalerie-barbara.de\/blog\/wp-json\/wp\/v2\/categories?post=14321"},{"taxonomy":"post_tag","embeddable":true,"href":"http:\/\/www.kunstgalerie-barbara.de\/blog\/wp-json\/wp\/v2\/tags?post=14321"}],"curies":[{"name":"wp","href":"https:\/\/api.w.org\/{rel}","templated":true}]}}