{"id":14352,"date":"2014-09-06T07:45:52","date_gmt":"2014-09-06T05:45:52","guid":{"rendered":"http:\/\/www.kunstgalerie-barbara.de\/blog\/?p=14352"},"modified":"2014-09-06T07:46:46","modified_gmt":"2014-09-06T05:46:46","slug":"ein-dorf-mitten-in-bremen","status":"publish","type":"post","link":"http:\/\/www.kunstgalerie-barbara.de\/blog\/2014\/09\/ein-dorf-mitten-in-bremen\/","title":{"rendered":"Ein Dorf mitten in Bremen&#8230;"},"content":{"rendered":"<p style=\"text-align: center;\"><a href=\"http:\/\/www.kunstgalerie-barbara.de\/blog\/wp-content\/uploads\/2014\/09\/Gelbes-Haus-in-der-Ruhrstrasse-Kopie.jpg\"><img loading=\"lazy\" decoding=\"async\" class=\"aligncenter wp-image-14353 size-full\" src=\"http:\/\/www.kunstgalerie-barbara.de\/blog\/wp-content\/uploads\/2014\/09\/Gelbes-Haus-in-der-Ruhrstrasse-Kopie.jpg\" alt=\"Gelbes Haus in der Ruhrstrasse Kopie\" width=\"450\" height=\"600\" srcset=\"http:\/\/www.kunstgalerie-barbara.de\/blog\/wp-content\/uploads\/2014\/09\/Gelbes-Haus-in-der-Ruhrstrasse-Kopie.jpg 450w, http:\/\/www.kunstgalerie-barbara.de\/blog\/wp-content\/uploads\/2014\/09\/Gelbes-Haus-in-der-Ruhrstrasse-Kopie-225x300.jpg 225w\" sizes=\"(max-width: 450px) 100vw, 450px\" \/><\/a>&#8230;versteckt inmitten des Stadtteils Hulsberg! Ein Stadtteil im Stadtteil! Etwa hundert, achtzig Jahre alte kleine H\u00e4user, renoviert und an die heutigen Bed\u00fcrfnisse angepasst, sogar mit eigener Kirche und einem Spielplatz. Ein Ort, wo Kinder noch in Ruhe aufwachsen k\u00f6nnen, Kind sein d\u00fcrfen und ungef\u00e4hrdet spielen k\u00f6nnen.<\/p>\n","protected":false},"excerpt":{"rendered":"<p>&#8230;versteckt inmitten des Stadtteils Hulsberg! Ein Stadtteil im Stadtteil! Etwa hundert, achtzig Jahre alte kleine H\u00e4user, renoviert und an die heutigen Bed\u00fcrfnisse angepasst, sogar mit eigener Kirche und einem Spielplatz. Ein Ort, wo Kinder noch in Ruhe aufwachsen k\u00f6nnen, Kind sein d\u00fcrfen und ungef\u00e4hrdet spielen k\u00f6nnen.<\/p>\n","protected":false},"author":1,"featured_media":0,"comment_status":"open","ping_status":"open","sticky":false,"template":"","format":"standard","meta":{"footnotes":""},"categories":[19,51],"tags":[],"jetpack_featured_media_url":"","_links":{"self":[{"href":"http:\/\/www.kunstgalerie-barbara.de\/blog\/wp-json\/wp\/v2\/posts\/14352"}],"collection":[{"href":"http:\/\/www.kunstgalerie-barbara.de\/blog\/wp-json\/wp\/v2\/posts"}],"about":[{"href":"http:\/\/www.kunstgalerie-barbara.de\/blog\/wp-json\/wp\/v2\/types\/post"}],"author":[{"embeddable":true,"href":"http:\/\/www.kunstgalerie-barbara.de\/blog\/wp-json\/wp\/v2\/users\/1"}],"replies":[{"embeddable":true,"href":"http:\/\/www.kunstgalerie-barbara.de\/blog\/wp-json\/wp\/v2\/comments?post=14352"}],"version-history":[{"count":1,"href":"http:\/\/www.kunstgalerie-barbara.de\/blog\/wp-json\/wp\/v2\/posts\/14352\/revisions"}],"predecessor-version":[{"id":14355,"href":"http:\/\/www.kunstgalerie-barbara.de\/blog\/wp-json\/wp\/v2\/posts\/14352\/revisions\/14355"}],"wp:attachment":[{"href":"http:\/\/www.kunstgalerie-barbara.de\/blog\/wp-json\/wp\/v2\/media?parent=14352"}],"wp:term":[{"taxonomy":"category","embeddable":true,"href":"http:\/\/www.kunstgalerie-barbara.de\/blog\/wp-json\/wp\/v2\/categories?post=14352"},{"taxonomy":"post_tag","embeddable":true,"href":"http:\/\/www.kunstgalerie-barbara.de\/blog\/wp-json\/wp\/v2\/tags?post=14352"}],"curies":[{"name":"wp","href":"https:\/\/api.w.org\/{rel}","templated":true}]}}