{"id":14489,"date":"2014-09-24T08:35:29","date_gmt":"2014-09-24T06:35:29","guid":{"rendered":"http:\/\/www.kunstgalerie-barbara.de\/blog\/?p=14489"},"modified":"2014-09-24T08:35:29","modified_gmt":"2014-09-24T06:35:29","slug":"14489","status":"publish","type":"post","link":"http:\/\/www.kunstgalerie-barbara.de\/blog\/2014\/09\/14489\/","title":{"rendered":""},"content":{"rendered":"<div id=\"c89852\" class=\"teaser teaser01\">\n<div class=\"csc-header csc-header-n1\">\n<h1 class=\"csc-firstHeader\">Atomm\u00fcll-Alarm<\/h1>\n<\/div>\n<div class=\"csc-textpic csc-textpic-intext-left\">\n<div class=\"csc-textpic-imagewrap csc-textpic-single-image\"><img loading=\"lazy\" decoding=\"async\" src=\"http:\/\/www.bund.net\/typo3temp\/pics\/33c9c2928e.png\" alt=\"\" width=\"110\" height=\"86\" \/><\/p>\n<div class=\"csc-textpic-caption\"><\/div>\n<\/div>\n<div class=\"csc-textpic-text\">\n<p class=\"bodytext\">\u00dcberall in Deutschland liegt Atomm\u00fcll. Unter frag\u00adw\u00fcrdigen Bedingungen. Eine fl\u00e4chendeckende radioaktive Bela\u00adstung, die nicht verschwindet. Jeder ist betroffen. Die Bundesregierung tut allerdings so, als g\u00e4be es &#8220;nur&#8221; noch ein einziges Problem \u2013 den hochradioaktiven Atomm\u00fcll in Zwischenlagern und bei Castortransporten.<\/p>\n<p>Im Gegenteil: Es gibt viele akute Probleme und Gefahren. Dazu geh\u00f6ren rostende Atomm\u00fcllf\u00e4sser im AKW Brunsb\u00fcttel (Schleswig-Holstein), der geplante Export hochradioaktiven M\u00fclls aus J\u00fclich (Nordrhein-Westfalen) in die USA oder die R\u00fcckholung des M\u00fclls aus dem undichten Endlager Asse (Niedersachsen).<\/p>\n<p><span style=\"font-weight: bold;\">Die Regierung muss jetzt handlen, um uns und die Umwelt vor den enormen Risiken des Atomm\u00fclls zu sch\u00fctzen!<\/span><\/p>\n<p class=\"bodytext\"><span style=\"font-weight: bold;\">Unterzeichnen Sie jetzt unseren Appell!<\/span><\/p>\n<\/div>\n<\/div>\n<div class=\"csc-textpic-clear\"><\/div>\n<\/div>\n<div id=\"c89851\" class=\"teaser teaser01\">\n<div class=\"csc-textpic csc-textpic-center csc-textpic-above\">\n<div class=\"csc-textpic-imagewrap\" style=\"width: 560px;\">\n<ul>\n<li class=\"csc-textpic-image csc-textpic-firstcol\" style=\"width: 180px;\"><a href=\"https:\/\/www.bund.net\/aktiv_werden\/aktionen\/atommuell_alarm\/unterschreiben\/\"><img loading=\"lazy\" decoding=\"async\" title=\"Unterschreiben\" src=\"http:\/\/www.bund.net\/uploads\/pics\/unterschreiben_40.png\" alt=\"Unterschreiben\" width=\"180\" height=\"45\" \/><\/a><\/li>\n<li class=\"csc-textpic-image\" style=\"width: 180px;\"><a href=\"http:\/\/www.bund.net\/themen_und_projekte\/atomkraft\/atommuell\/atommuellalarm\/\"><img loading=\"lazy\" decoding=\"async\" title=\"Informieren\" src=\"http:\/\/www.bund.net\/uploads\/pics\/informieren_14.png\" alt=\"Informieren\" width=\"180\" height=\"45\" \/><\/a><\/li>\n<li class=\"csc-textpic-image csc-textpic-lastcol\" style=\"width: 180px;\"><a href=\"https:\/\/www.bund.net\/?id=5155&amp;tx_powermail_pi1[uid562]=Atomkraft%20verhindern&amp;tx_powermail_pi1[uid570]=Atomkraft0914\" target=\"_blank\"><img loading=\"lazy\" decoding=\"async\" title=\"Spenden\" src=\"http:\/\/www.bund.net\/uploads\/pics\/spenden_34.png\" alt=\"Spenden\" width=\"180\" height=\"45\" \/><\/a><\/li>\n<\/ul>\n<\/div>\n<\/div>\n<div class=\"csc-textpic-clear\"><\/div>\n<\/div>\n<div class=\"csc-frame csc-frame-rulerBefore\"><\/div>\n<div id=\"c89850\" class=\"teaser\">\n<table cellspacing=\"12\" bgcolor=\"#d8e8bb\">\n<tbody>\n<tr>\n<td>\n<h1>Ich fordere von der Bundesregierung:<\/h1>\n<ul>\n<li>den gesamten Atomm\u00fcll und die Zwischenlagerung in ein umfassendes Konzept f\u00fcr den Umgang mit dem Atomm\u00fcll einzubeziehen, das dem Schutz vor radioaktiver Strahlung h\u00f6chste Priorit\u00e4t gibt,<\/li>\n<li>den Export abgebrannter Brennelemente aus den Kugelhaufen-Reaktoren in J\u00fclich und Hamm-Uentrop zu verbieten,<\/li>\n<li>die Verursacher nicht aus der Haftung f\u00fcr die Ewigkeitslasten des Atomm\u00fclls zu entlassen<\/li>\n<li>und die Atomm\u00fcllproduktion zu stoppen!<\/li>\n<\/ul>\n<p>Mit freundlichen Gr\u00fc\u00dfen,<\/p>\n<p><i><i>Ihr Vorname, Nachname, Ort<\/i><\/i><\/td>\n<\/tr>\n<\/tbody>\n<\/table>\n<\/div>\n<div id=\"c89849\" class=\"teaser teaser01\">\n<div class=\"csc-textpic csc-textpic-center csc-textpic-above\">\n<div class=\"csc-textpic-imagewrap csc-textpic-single-image\" style=\"width: 180px;\"><a href=\"https:\/\/www.bund.net\/aktiv_werden\/aktionen\/atommuell_alarm\/unterschreiben\/\"><img loading=\"lazy\" decoding=\"async\" title=\"Unterschreiben\" src=\"http:\/\/www.bund.net\/uploads\/pics\/unterschreiben_39.png\" alt=\"Unterschreiben\" width=\"180\" height=\"45\" \/><\/a><\/div>\n<\/div>\n<\/div>\n","protected":false},"excerpt":{"rendered":"<p>Atomm\u00fcll-Alarm \u00dcberall in Deutschland liegt Atomm\u00fcll. Unter frag\u00adw\u00fcrdigen Bedingungen. Eine fl\u00e4chendeckende radioaktive Bela\u00adstung, die nicht verschwindet. Jeder ist betroffen. Die Bundesregierung tut allerdings so, als g\u00e4be es &#8220;nur&#8221; noch ein einziges Problem \u2013 den hochradioaktiven Atomm\u00fcll in Zwischenlagern und bei Castortransporten. Im Gegenteil: Es gibt viele akute Probleme und Gefahren. Dazu geh\u00f6ren rostende Atomm\u00fcllf\u00e4sser im AKW Brunsb\u00fcttel (Schleswig-Holstein), der geplante Export hochradioaktiven M\u00fclls aus J\u00fclich (Nordrhein-Westfalen) in die USA oder die R\u00fcckholung des M\u00fclls aus dem undichten Endlager Asse (Niedersachsen). Die Regierung muss jetzt handlen, um uns und die Umwelt vor den enormen Risiken des Atomm\u00fclls zu sch\u00fctzen! Unterzeichnen Sie jetzt unseren Appell! Ich fordere von der Bundesregierung: den gesamten Atomm\u00fcll und die Zwischenlagerung in ein umfassendes Konzept f\u00fcr den Umgang mit dem Atomm\u00fcll einzubeziehen, das dem Schutz vor radioaktiver Strahlung h\u00f6chste Priorit\u00e4t gibt, den Export abgebrannter Brennelemente aus den Kugelhaufen-Reaktoren in J\u00fclich und Hamm-Uentrop zu verbieten, die Verursacher nicht aus der Haftung f\u00fcr die Ewigkeitslasten des Atomm\u00fclls zu entlassen und die Atomm\u00fcllproduktion zu stoppen! Mit freundlichen Gr\u00fc\u00dfen, Ihr Vorname, Nachname, Ort<\/p>\n","protected":false},"author":1,"featured_media":0,"comment_status":"open","ping_status":"open","sticky":false,"template":"","format":"standard","meta":{"footnotes":""},"categories":[42,40,51,64],"tags":[],"jetpack_featured_media_url":"","_links":{"self":[{"href":"http:\/\/www.kunstgalerie-barbara.de\/blog\/wp-json\/wp\/v2\/posts\/14489"}],"collection":[{"href":"http:\/\/www.kunstgalerie-barbara.de\/blog\/wp-json\/wp\/v2\/posts"}],"about":[{"href":"http:\/\/www.kunstgalerie-barbara.de\/blog\/wp-json\/wp\/v2\/types\/post"}],"author":[{"embeddable":true,"href":"http:\/\/www.kunstgalerie-barbara.de\/blog\/wp-json\/wp\/v2\/users\/1"}],"replies":[{"embeddable":true,"href":"http:\/\/www.kunstgalerie-barbara.de\/blog\/wp-json\/wp\/v2\/comments?post=14489"}],"version-history":[{"count":1,"href":"http:\/\/www.kunstgalerie-barbara.de\/blog\/wp-json\/wp\/v2\/posts\/14489\/revisions"}],"predecessor-version":[{"id":14491,"href":"http:\/\/www.kunstgalerie-barbara.de\/blog\/wp-json\/wp\/v2\/posts\/14489\/revisions\/14491"}],"wp:attachment":[{"href":"http:\/\/www.kunstgalerie-barbara.de\/blog\/wp-json\/wp\/v2\/media?parent=14489"}],"wp:term":[{"taxonomy":"category","embeddable":true,"href":"http:\/\/www.kunstgalerie-barbara.de\/blog\/wp-json\/wp\/v2\/categories?post=14489"},{"taxonomy":"post_tag","embeddable":true,"href":"http:\/\/www.kunstgalerie-barbara.de\/blog\/wp-json\/wp\/v2\/tags?post=14489"}],"curies":[{"name":"wp","href":"https:\/\/api.w.org\/{rel}","templated":true}]}}