{"id":1453,"date":"2009-03-21T06:09:04","date_gmt":"2009-03-21T05:09:04","guid":{"rendered":"http:\/\/www.kunstgalerie-barbara.de\/blog\/?p=1453"},"modified":"2009-03-23T16:53:34","modified_gmt":"2009-03-23T15:53:34","slug":"ein-affe-in-der-birke","status":"publish","type":"post","link":"http:\/\/www.kunstgalerie-barbara.de\/blog\/2009\/03\/ein-affe-in-der-birke\/","title":{"rendered":"Ein Affe in der Birke"},"content":{"rendered":"<p>Ein leibhaftiger Affe, hier an einem Sonntagmorgen in Grolland, einem Gebiet mit Einfamilienh\u00c3\u00a4usern auf einem Baum, konnte das wahr sein? Eines Sonntags waren wir, mein Angetrauter und ich per Rad unterwegs und stoppten vor einer Frau, die auf dem Fahrradweg unter einer gro\u00c3\u0178en Birke stand und hilflos nach oben ins Ge\u00c3\u00a4st starrte. Wir fragten sie interessiert, ob dort oben ihr Wellensittich s\u00c3\u00a4\u00c3\u0178e. Ja, dort oben s\u00c3\u00a4\u00c3\u0178e ein Tier, jedoch sei es kein Vogel, sondern ihr Affe. Wir stellten uns v\u00c3\u00b6llig perplex neben die Frau und suchten vergeblich zwischen den Bl\u00c3\u00a4ttern den Affen. Es sei ein Kapuziner\u00c3\u00a4ffchen und als sie mit ihm spazieren gegangen sei, wie \u00c3\u00bcblich, sei es ihr in die Birke entwischt. Jetzt k\u00c3\u00a4me es, was s<img loading=\"lazy\" decoding=\"async\" class=\"alignleft size-full wp-image-841\" title=\"ein_furzendes_katerchen\" src=\"http:\/\/www.kunstgalerie-barbara.de\/blog\/wp-content\/uploads\/2008\/12\/ein_furzendes_katerchen.jpg\" alt=\"ein_furzendes_katerchen\" width=\"100\" height=\"157\" \/>ie auch t\u00c3\u00a4te, nicht mehr zu ihr hinunter. Inzwischen hatten wir das kleine Tierchen tats\u00c3\u00a4chlich entdeckt, es turnte munter, die neue Freiheit auskostend, in den Zweigen umher und setzte an, auf einen benachbarten Ahorn \u00c3\u00bcber zu wechseln. Von dort sprang es nach kurzer Zeit&#8230;.<\/p>\n<p>Mehr in meinem vor kurzem erschienenen Buch\u00c2\u00a0 <em><strong>Ein furzendes Katerchen <\/strong><\/em><\/p>\n<p>Mit einem Klick rechts auf das Cover des Buches sind Sie direkt bei Amazon und haben die M\u00c3\u00b6glichkeit das Buch zu erstehen.<\/p>\n","protected":false},"excerpt":{"rendered":"<p>Ein leibhaftiger Affe, hier an einem Sonntagmorgen in Grolland, einem Gebiet mit Einfamilienh\u00c3\u00a4usern auf einem Baum, konnte das wahr sein? Eines Sonntags waren wir, mein Angetrauter und ich per Rad unterwegs und stoppten vor einer Frau, die auf dem Fahrradweg unter einer gro\u00c3\u0178en Birke stand und hilflos nach oben ins Ge\u00c3\u00a4st starrte. Wir fragten sie interessiert, ob dort oben ihr Wellensittich s\u00c3\u00a4\u00c3\u0178e. Ja, dort oben s\u00c3\u00a4\u00c3\u0178e ein Tier, jedoch sei es kein Vogel, sondern ihr Affe. Wir stellten uns v\u00c3\u00b6llig perplex neben die Frau und suchten vergeblich zwischen den Bl\u00c3\u00a4ttern den Affen. Es sei ein Kapuziner\u00c3\u00a4ffchen und als sie mit ihm spazieren gegangen sei, wie \u00c3\u00bcblich, sei es ihr in die Birke entwischt. Jetzt k\u00c3\u00a4me es, was sie auch t\u00c3\u00a4te, nicht mehr zu ihr hinunter. Inzwischen hatten wir das kleine Tierchen tats\u00c3\u00a4chlich entdeckt, es turnte munter, die neue Freiheit auskostend, in den Zweigen umher und setzte an, auf einen benachbarten Ahorn \u00c3\u00bcber zu wechseln. Von dort sprang es nach kurzer Zeit&#8230;. Mehr in meinem vor kurzem erschienenen Buch\u00c2\u00a0 Ein furzendes Katerchen Mit einem Klick rechts auf das Cover des Buches sind Sie direkt bei Amazon und haben die M\u00c3\u00b6glichkeit das Buch zu erstehen.<\/p>\n","protected":false},"author":1,"featured_media":0,"comment_status":"open","ping_status":"open","sticky":false,"template":"","format":"standard","meta":{"footnotes":""},"categories":[16],"tags":[],"jetpack_featured_media_url":"","_links":{"self":[{"href":"http:\/\/www.kunstgalerie-barbara.de\/blog\/wp-json\/wp\/v2\/posts\/1453"}],"collection":[{"href":"http:\/\/www.kunstgalerie-barbara.de\/blog\/wp-json\/wp\/v2\/posts"}],"about":[{"href":"http:\/\/www.kunstgalerie-barbara.de\/blog\/wp-json\/wp\/v2\/types\/post"}],"author":[{"embeddable":true,"href":"http:\/\/www.kunstgalerie-barbara.de\/blog\/wp-json\/wp\/v2\/users\/1"}],"replies":[{"embeddable":true,"href":"http:\/\/www.kunstgalerie-barbara.de\/blog\/wp-json\/wp\/v2\/comments?post=1453"}],"version-history":[{"count":1,"href":"http:\/\/www.kunstgalerie-barbara.de\/blog\/wp-json\/wp\/v2\/posts\/1453\/revisions"}],"predecessor-version":[{"id":1456,"href":"http:\/\/www.kunstgalerie-barbara.de\/blog\/wp-json\/wp\/v2\/posts\/1453\/revisions\/1456"}],"wp:attachment":[{"href":"http:\/\/www.kunstgalerie-barbara.de\/blog\/wp-json\/wp\/v2\/media?parent=1453"}],"wp:term":[{"taxonomy":"category","embeddable":true,"href":"http:\/\/www.kunstgalerie-barbara.de\/blog\/wp-json\/wp\/v2\/categories?post=1453"},{"taxonomy":"post_tag","embeddable":true,"href":"http:\/\/www.kunstgalerie-barbara.de\/blog\/wp-json\/wp\/v2\/tags?post=1453"}],"curies":[{"name":"wp","href":"https:\/\/api.w.org\/{rel}","templated":true}]}}