{"id":14583,"date":"2014-10-07T06:39:19","date_gmt":"2014-10-07T04:39:19","guid":{"rendered":"http:\/\/www.kunstgalerie-barbara.de\/blog\/?p=14583"},"modified":"2014-10-07T06:39:19","modified_gmt":"2014-10-07T04:39:19","slug":"wir-lassen-uns-nicht-bremsen","status":"publish","type":"post","link":"http:\/\/www.kunstgalerie-barbara.de\/blog\/2014\/10\/wir-lassen-uns-nicht-bremsen\/","title":{"rendered":"Wir lassen uns nicht bremsen&#8230;"},"content":{"rendered":"<div id=\"c3k-pagenav\" class=\"clearfix\">\n<div class=\"c3k-menu-wrapper\">\n<div id=\"c3k-mainmenu\" class=\"clearfix\">\n<nav id=\"c3k-systemmenu\">\n<ul class=\"c3k-system-menu clearfix\">\n<li class=\"c3k-submenu c3k-topicmenu clearfix\"><a href=\"https:\/\/www.campact.de\/\">Kampagnen<\/a><\/li>\n<li class=\"c3k-submenu\"><a href=\"https:\/\/www.campact.de\/campact\/unterstuetzen\/spenden\/\">Spenden<\/a><\/li>\n<li class=\"c3k-submenu\"><a href=\"https:\/\/www.campact.de\/campact\">\u00dcber Campact<\/a><\/li>\n<li class=\"c3k-submenu\"><a href=\"http:\/\/blog.campact.de\/\">Blog<\/a><\/li>\n<li class=\"c3k-submenu\"><a href=\"https:\/\/www.campact.de\/presse\/\">Presse<\/a><\/li>\n<\/ul>\n<\/nav>\n<nav id=\"c3k-usermenu\">\n<ul class=\"c3k-usermenu-anonymous clearfix\">\n<li><a class=\"c3k-login-button\" href=\"https:\/\/auth.campact.de\/dialog\/\">Anmelden<\/a><\/li>\n<\/ul>\n<\/nav>\n<\/div>\n<\/div>\n<div class=\"c3k-register-wrapper clearfix\">\n<div class=\"c3k-logo clearfix\"><a href=\"https:\/\/www.campact.de\/\"><img decoding=\"async\" src=\"https:\/\/www.campact.de\/s\/img\/logo.png\" alt=\"Campact Logo\" \/><\/a><\/div>\n<div class=\"c3k-register-form\">Campact verbindet <strong>1.478.139<\/strong> engagierte Menschen. Werden auch Sie Teil dieses Netzwerkes!<\/p>\n<form action=\"\/nl\/bestellen\/\" method=\"POST\"><input class=\"c3k-input-email c3k-input-email-register-form\" name=\"emailaddress\" type=\"email\" placeholder=\"E-Mail-Adresse\" \/><\/form>\n<\/div>\n<\/div>\n<\/div>\n<div id=\"c3k-ajax-errornotification\" class=\"clearfix\"><\/div>\n<header id=\"c3k-pageheader\" class=\"clearfix\">\n<div class=\"container clearfix\"><\/div>\n<\/header>\n<div id=\"c3k-keyvisual\" class=\"clearfix c3k-headline-light\">\n<article class=\"clearfix\">\n<header>\n<h3>Wir lassen uns nicht bremsen!<\/h3>\n<p>Die EU-Kommission verweigert uns eine offizielle Europ\u00e4ische B\u00fcrgerinitiative (EBI) gegen TTIP und CETA. Jetzt organisieren wir sie zusammen mit 250 Organisationen aus ganz Europa einfach selbst! Das Ziel: Mehr als eine Million Unterschriften \u2013 damit die Handels- und Investitionsabkommen politisch nicht mehr durchsetzbar sind.<\/p>\n<p><strong>Unterzeichnen Sie jetzt&#8230;<\/strong><\/p>\n<\/header>\n<div class=\"c3k-5min-info clearfix\">\n<div class=\"c3k-corner\"><\/div>\n<p><a href=\"https:\/\/www.campact.de\/ttip-ebi\/ebi-appell\/5-minuten-info\/\"> <span class=\"c3k-number\">5<\/span> <\/a><\/p>\n<div>Min<\/div>\n<div>Info<\/div>\n<\/div>\n<\/article>\n<\/div>\n<div id=\"c3k-columns\" class=\"clearfix\">\n<aside class=\"c3k-topbar\"><\/aside>\n<div class=\"c3k-single-column clearfix\">\n<div id=\"501776da730c44fd8da517a61c83e11b\" class=\"c3k-block c3k-signer-block clearfix\">\n<div class=\"c3k-single-left\">\n<div class=\"c3k-progressbar-wrapper\">\n<div class=\"c3k-description c3k-description-right\">1.000.000<\/div>\n<div class=\"c3k-progressbar\">\n<div class=\"c3k-goal\"><span class=\"c3k-value\">\u00a0<\/span><\/div>\n<div class=\"c3k-count\"><span class=\"c3k-value\">10.954<\/span><\/div>\n<\/div>\n<div class=\"c3k-description\">10.954 haben unterzeichnet. Helfen Sie, 1.000.000 zu erreichen!<\/div>\n<\/div>\n<div class=\"c3k-signer-info clearfix\">\n<div class=\"c3k-body\">\n<p>Wir fordern die Institutionen der Europ\u00e4ischen Union und ihre Mitgliedsstaaten dazu auf, die Verhandlungen mit den USA \u00fcber die Transatlantische Handels- und Investitionspartnerschaft (TTIP) zu stoppen, sowie das Umfassende Wirtschafts- und Handelsabkommen (CETA) mit Kanada nicht zu ratifizieren.<\/p>\n<p>Wichtigste Ziele:<\/p>\n<p>Wir wollen TTIP und CETA verhindern, da sie diverse kritische Punkte wie Investor-Staat-Schiedsverfahren und Regelungen zur regulatorischen Kooperation enthalten, die Demokratie und Rechtsstaat aush\u00f6hlen. Wir wollen verhindern, dass in intransparenten Verhandlungen Arbeits-, Sozial-, Umwelt-, Datenschutz und Verbraucherschutzstandards gesenkt sowie \u00f6ffentliche Dienstleistungen (z. B. Wasserversorgung) und Kulturg\u00fcter dereguliert werden.<\/p>\n<p>Die selbstorganisierte EBI unterst\u00fctzt eine alternative Handels- und Investitionspolitik der EU.<\/p>\n<p>(Name und Ort werden angeh\u00e4ngt)<\/p>\n<\/div>\n<\/div>\n<\/div>\n<div class=\"c3k-single-right\">\n<div class=\"c3k-anonymous-user\">\n<div class=\"c3k-contact-widget\" data-options=\"{&quot;country_choices&quot;: [{&quot;text&quot;: &quot;Belgien&quot;, &quot;value&quot;: &quot;BE&quot;}, {&quot;text&quot;: &quot;Bulgarien&quot;, &quot;value&quot;: &quot;BG&quot;}, {&quot;text&quot;: &quot;Deutschland&quot;, &quot;value&quot;: &quot;DE&quot;}, {&quot;text&quot;: &quot;D\\u00e4nemark&quot;, &quot;value&quot;: &quot;DK&quot;}, {&quot;text&quot;: &quot;Estland&quot;, &quot;value&quot;: &quot;EE&quot;}, {&quot;text&quot;: &quot;Finnland&quot;, &quot;value&quot;: &quot;FI&quot;}, {&quot;text&quot;: &quot;Frankreich&quot;, &quot;value&quot;: &quot;FR&quot;}, {&quot;text&quot;: &quot;Griechenland&quot;, &quot;value&quot;: &quot;GR&quot;}, {&quot;text&quot;: &quot;Irland&quot;, &quot;value&quot;: &quot;IE&quot;}, {&quot;text&quot;: &quot;Italien&quot;, &quot;value&quot;: &quot;IT&quot;}, {&quot;text&quot;: &quot;Kanada&quot;, &quot;value&quot;: &quot;CA&quot;}, {&quot;text&quot;: &quot;Lettland&quot;, &quot;value&quot;: &quot;LV&quot;}, {&quot;text&quot;: &quot;Litauen&quot;, &quot;value&quot;: &quot;LT&quot;}, {&quot;text&quot;: &quot;Luxemburg&quot;, &quot;value&quot;: &quot;LU&quot;}, {&quot;text&quot;: &quot;Malta&quot;, &quot;value&quot;: &quot;MT&quot;}, {&quot;text&quot;: &quot;Niederlande&quot;, &quot;value&quot;: &quot;NL&quot;}, {&quot;text&quot;: &quot;Norwegen&quot;, &quot;value&quot;: &quot;NO&quot;}, {&quot;text&quot;: &quot;Polen&quot;, &quot;value&quot;: &quot;PL&quot;}, {&quot;text&quot;: &quot;Portugal&quot;, &quot;value&quot;: &quot;PT&quot;}, {&quot;text&quot;: &quot;Rum\\u00e4nien&quot;, &quot;value&quot;: &quot;RO&quot;}, {&quot;text&quot;: &quot;Schweden&quot;, &quot;value&quot;: &quot;SE&quot;}, {&quot;text&quot;: &quot;Schweiz&quot;, &quot;value&quot;: &quot;CH&quot;}, {&quot;text&quot;: &quot;Slowakei&quot;, &quot;value&quot;: &quot;SK&quot;}, {&quot;text&quot;: &quot;Slowenien&quot;, &quot;value&quot;: &quot;SI&quot;}, {&quot;text&quot;: &quot;Spanien&quot;, &quot;value&quot;: &quot;ES&quot;}, {&quot;text&quot;: &quot;Tschechische Republik&quot;, &quot;value&quot;: &quot;CZ&quot;}, {&quot;text&quot;: &quot;Ungarn&quot;, &quot;value&quot;: &quot;HU&quot;}, {&quot;text&quot;: &quot;Vereinigte Staaten&quot;, &quot;value&quot;: &quot;US&quot;}, {&quot;text&quot;: &quot;Vereinigtes K\\u00f6nigreich&quot;, &quot;value&quot;: &quot;GB&quot;}, {&quot;text&quot;: &quot;Zypern&quot;, &quot;value&quot;: &quot;CY&quot;}, {&quot;text&quot;: &quot;\\u00d6sterreich&quot;, &quot;value&quot;: &quot;AT&quot;}], &quot;authentication_baseurl&quot;: &quot;https:\/\/auth.campact.de&quot;, &quot;default_country&quot;: &quot;DE&quot;, &quot;newsletter_recommended&quot;: 1, &quot;hidden_menu_sections&quot;: [&quot;add&quot;], &quot;salutation_choices&quot;: [&quot;Frau&quot;, &quot;Herr&quot;, &quot;Hallo&quot;], &quot;required_fields&quot;: [&quot;firstname&quot;, &quot;surname&quot;, &quot;location&quot;, &quot;zipcode&quot;, &quot;country&quot;, &quot;street&quot;, &quot;firstname&quot;, &quot;surname&quot;, &quot;salutation&quot;], &quot;default_salutation&quot;: &quot;Frau&quot;, &quot;optional_fields&quot;: [&quot;extra&quot;, &quot;salutation&quot;, &quot;title&quot;]}\">\n<div>\n<section>\n<header>\n<div class=\"c3k-menu-wrapper\"><\/div>\n<\/header>\n<div class=\"c3k-sections\">\n<div>\n<section class=\"c3k-add-contact clearfix\">\n<form action=\"\" method=\"POST\">\n<div class=\"c3k-fieldrow-edit clearfix\">\n<div class=\"c3k-fieldwrapper c3k-fieldwrapper-dropdown c3k-fieldwrapper-text c3k-fieldwrapper-salutation\">\n<div><label for=\"16-salutation\">Anrede<\/label><\/div>\n<div class=\"c3k-field\"><input id=\"16-salutation\" name=\"salutation\" type=\"text\" value=\"Frau\" \/><\/p>\n<div class=\"c3k-choices\"><span class=\"c3k-button\">\u25bc<\/span><\/div>\n<\/div>\n<\/div>\n<div class=\"c3k-fieldwrapper c3k-fieldwrapper-text c3k-fieldwrapper-title\">\n<div><label for=\"16-title\">Titel<\/label><\/div>\n<\/div>\n<\/div>\n<\/form>\n<\/section>\n<\/div>\n<\/div>\n<\/section>\n<\/div>\n<\/div>\n<\/div>\n<\/div>\n<\/div>\n<\/div>\n<\/div>\n","protected":false},"excerpt":{"rendered":"<p>Kampagnen Spenden \u00dcber Campact Blog Presse Anmelden Campact verbindet 1.478.139 engagierte Menschen. Werden auch Sie Teil dieses Netzwerkes! Wir lassen uns nicht bremsen! Die EU-Kommission verweigert uns eine offizielle Europ\u00e4ische B\u00fcrgerinitiative (EBI) gegen TTIP und CETA. Jetzt organisieren wir sie zusammen mit 250 Organisationen aus ganz Europa einfach selbst! Das Ziel: Mehr als eine Million Unterschriften \u2013 damit die Handels- und Investitionsabkommen politisch nicht mehr durchsetzbar sind. Unterzeichnen Sie jetzt&#8230; 5 Min Info 1.000.000 \u00a0 10.954 10.954 haben unterzeichnet. Helfen Sie, 1.000.000 zu erreichen! Wir fordern die Institutionen der Europ\u00e4ischen Union und ihre Mitgliedsstaaten dazu auf, die Verhandlungen mit den USA \u00fcber die Transatlantische Handels- und Investitionspartnerschaft (TTIP) zu stoppen, sowie das Umfassende Wirtschafts- und Handelsabkommen (CETA) mit Kanada nicht zu ratifizieren. Wichtigste Ziele: Wir wollen TTIP und CETA verhindern, da sie diverse kritische Punkte wie Investor-Staat-Schiedsverfahren und Regelungen zur regulatorischen Kooperation enthalten, die Demokratie und Rechtsstaat aush\u00f6hlen. Wir wollen verhindern, dass in intransparenten Verhandlungen Arbeits-, Sozial-, Umwelt-, Datenschutz und Verbraucherschutzstandards gesenkt sowie \u00f6ffentliche Dienstleistungen (z. B. Wasserversorgung) und Kulturg\u00fcter dereguliert werden. Die selbstorganisierte EBI unterst\u00fctzt eine alternative Handels- und Investitionspolitik der EU. (Name und Ort werden angeh\u00e4ngt) Anrede \u25bc Titel<\/p>\n","protected":false},"author":1,"featured_media":0,"comment_status":"open","ping_status":"open","sticky":false,"template":"","format":"standard","meta":{"footnotes":""},"categories":[42,40,51,64],"tags":[],"jetpack_featured_media_url":"","_links":{"self":[{"href":"http:\/\/www.kunstgalerie-barbara.de\/blog\/wp-json\/wp\/v2\/posts\/14583"}],"collection":[{"href":"http:\/\/www.kunstgalerie-barbara.de\/blog\/wp-json\/wp\/v2\/posts"}],"about":[{"href":"http:\/\/www.kunstgalerie-barbara.de\/blog\/wp-json\/wp\/v2\/types\/post"}],"author":[{"embeddable":true,"href":"http:\/\/www.kunstgalerie-barbara.de\/blog\/wp-json\/wp\/v2\/users\/1"}],"replies":[{"embeddable":true,"href":"http:\/\/www.kunstgalerie-barbara.de\/blog\/wp-json\/wp\/v2\/comments?post=14583"}],"version-history":[{"count":1,"href":"http:\/\/www.kunstgalerie-barbara.de\/blog\/wp-json\/wp\/v2\/posts\/14583\/revisions"}],"predecessor-version":[{"id":14584,"href":"http:\/\/www.kunstgalerie-barbara.de\/blog\/wp-json\/wp\/v2\/posts\/14583\/revisions\/14584"}],"wp:attachment":[{"href":"http:\/\/www.kunstgalerie-barbara.de\/blog\/wp-json\/wp\/v2\/media?parent=14583"}],"wp:term":[{"taxonomy":"category","embeddable":true,"href":"http:\/\/www.kunstgalerie-barbara.de\/blog\/wp-json\/wp\/v2\/categories?post=14583"},{"taxonomy":"post_tag","embeddable":true,"href":"http:\/\/www.kunstgalerie-barbara.de\/blog\/wp-json\/wp\/v2\/tags?post=14583"}],"curies":[{"name":"wp","href":"https:\/\/api.w.org\/{rel}","templated":true}]}}