{"id":14615,"date":"2014-10-12T17:42:14","date_gmt":"2014-10-12T15:42:14","guid":{"rendered":"http:\/\/www.kunstgalerie-barbara.de\/blog\/?p=14615"},"modified":"2014-10-13T05:57:25","modified_gmt":"2014-10-13T03:57:25","slug":"einmal-alle-vier-jahre-zur-wahl-gehen-und-ein-kreuz-machen-ist-entschieden-zu-wenig","status":"publish","type":"post","link":"http:\/\/www.kunstgalerie-barbara.de\/blog\/2014\/10\/einmal-alle-vier-jahre-zur-wahl-gehen-und-ein-kreuz-machen-ist-entschieden-zu-wenig\/","title":{"rendered":"Einmal alle vier Jahre zur Wahl gehen und ein Kreuz machen, ist entschieden zu wenig"},"content":{"rendered":"<h2>&#8230;<strong>denn um Dinge zu bewegen, in die richtige Richtung zu lenken, mu\u00df man wach sein, nicht schl\u00e4frig oder gleichg\u00fcltig!\u00a0 Es ist unser Leben, \u00fcber das entschieden wird und diese Entscheidung sollten wir nicht anderen \u00fcberlassen!<\/strong><\/h2>\n","protected":false},"excerpt":{"rendered":"<p>&#8230;denn um Dinge zu bewegen, in die richtige Richtung zu lenken, mu\u00df man wach sein, nicht schl\u00e4frig oder gleichg\u00fcltig!\u00a0 Es ist unser Leben, \u00fcber das entschieden wird und diese Entscheidung sollten wir nicht anderen \u00fcberlassen!<\/p>\n","protected":false},"author":1,"featured_media":0,"comment_status":"open","ping_status":"open","sticky":false,"template":"","format":"standard","meta":{"footnotes":""},"categories":[42,40],"tags":[],"jetpack_featured_media_url":"","_links":{"self":[{"href":"http:\/\/www.kunstgalerie-barbara.de\/blog\/wp-json\/wp\/v2\/posts\/14615"}],"collection":[{"href":"http:\/\/www.kunstgalerie-barbara.de\/blog\/wp-json\/wp\/v2\/posts"}],"about":[{"href":"http:\/\/www.kunstgalerie-barbara.de\/blog\/wp-json\/wp\/v2\/types\/post"}],"author":[{"embeddable":true,"href":"http:\/\/www.kunstgalerie-barbara.de\/blog\/wp-json\/wp\/v2\/users\/1"}],"replies":[{"embeddable":true,"href":"http:\/\/www.kunstgalerie-barbara.de\/blog\/wp-json\/wp\/v2\/comments?post=14615"}],"version-history":[{"count":1,"href":"http:\/\/www.kunstgalerie-barbara.de\/blog\/wp-json\/wp\/v2\/posts\/14615\/revisions"}],"predecessor-version":[{"id":14631,"href":"http:\/\/www.kunstgalerie-barbara.de\/blog\/wp-json\/wp\/v2\/posts\/14615\/revisions\/14631"}],"wp:attachment":[{"href":"http:\/\/www.kunstgalerie-barbara.de\/blog\/wp-json\/wp\/v2\/media?parent=14615"}],"wp:term":[{"taxonomy":"category","embeddable":true,"href":"http:\/\/www.kunstgalerie-barbara.de\/blog\/wp-json\/wp\/v2\/categories?post=14615"},{"taxonomy":"post_tag","embeddable":true,"href":"http:\/\/www.kunstgalerie-barbara.de\/blog\/wp-json\/wp\/v2\/tags?post=14615"}],"curies":[{"name":"wp","href":"https:\/\/api.w.org\/{rel}","templated":true}]}}