{"id":14854,"date":"2014-11-20T08:01:45","date_gmt":"2014-11-20T06:01:45","guid":{"rendered":"http:\/\/www.kunstgalerie-barbara.de\/blog\/?p=14854"},"modified":"2014-11-20T08:01:45","modified_gmt":"2014-11-20T06:01:45","slug":"lasst-unsere-stachligen-gesellen-in-euren-gaerten-ueberwintern","status":"publish","type":"post","link":"http:\/\/www.kunstgalerie-barbara.de\/blog\/2014\/11\/lasst-unsere-stachligen-gesellen-in-euren-gaerten-ueberwintern\/","title":{"rendered":"La\u00dft unsere stachligen Gesellen in Euren G\u00e4rten \u00fcberwintern&#8230;"},"content":{"rendered":"<h2>Pflegefall oder stacheliger Outdoorprofi?<\/h2>\n<h3>Infos \u00fcber unseren heimischen Igel<\/h3>\n<div class=\"boxohnebg left rahmen1 quer\"><img loading=\"lazy\" decoding=\"async\" src=\"http:\/\/www.nabu.de\/imperia\/md\/images\/nabude\/tiere\/saeugetiere\/insektenfresser\/5.jpg\" alt=\"Igel\" width=\"220\" height=\"150\" \/>Igel<\/p>\n<\/div>\n<p>Ist der Igel nun ein Pfegefall, den man durchf\u00fcttern muss oder ein echter Outdoor-Profi, der auch in frostigsten Zeiten zu \u00fcberleben wei\u00df? Die Antwort auf diese Frage und viele Tipps, wie Sie Igel in ihrem Garten helfen k\u00f6nnen, finden Sie in der NABU-Brosch\u00fcre. <a href=\"http:\/\/www.nabu.de\/shop\/index.php?cat=c9_S-ugetiere.html\" target=\"_blank\">(Brosch\u00fcre bestellen)<\/a><\/p>\n<p>Bei sinkenden Temperaturen fragen sich wieder viele Mitmenschen beim Anblick eines Igels, ob das niedliche Stacheltier wohl heil \u00fcber den Winter kommen wird. F\u00fcr gesunde Igel geh\u00f6ren die Vorbereitungen zum Winterschlaf zur Routine. Die Tiere haben sich den Sommer \u00fcber ausreichende Fettreserven zugelegt, von denen sie \u00fcber Monate hinweg zehren k\u00f6nnen. Problematisch wird es f\u00fcr viele Igel h\u00e4ufig bei der Suche nach einem geeigneten Winterquartier. Im Naturgarten finden die sympathischen S\u00e4ugetiere ausreichend Unterschlupfm\u00f6glichkeiten unter Reisig-, Laub- und Holzhaufen oder in Hecken und Str\u00e4uchern. Sollte Ihr Garten derartige M\u00f6glichkeiten nicht bieten, dann k\u00f6nnen Sie dem Igel auch ein Winterhaus bauen. So einfach geht&#8217;s:<!--more--><\/p>\n<p><iframe loading=\"lazy\" src=\"http:\/\/www.youtube.com\/embed\/SRBTHfuyTc0\" width=\"520\" height=\"293\" frameborder=\"0\" allowfullscreen=\"allowfullscreen\"><\/iframe><\/p>\n<p>Laden Sie <a href=\"http:\/\/www.nabu.de\/imperia\/md\/content\/nabude\/naturerleben\/141030-nabu-bauanleitung-igelhaus-missiongruen.pdf\" target=\"blank\">hier<\/a> die passende Anleitung zum Bau eines Igelhauses runter.<\/p>\n<p>Wer Igeln also wirklich helfen will, sollte im Garten f\u00fcr einen geeigneten Lebensraum und eine igelgerechte Nahrungsgrundlage sorgen. K\u00e4fer, Raupen und W\u00fcrmer stehen ganz oben auf dem Speiseplan. Grunds\u00e4tzlich gilt: Je naturn\u00e4her Sie ihren Garten gestalten, umso geeigneter ist er als Lebensraum f\u00fcr Igel und den Rest seiner Lebensgemeinschaft. Den besten Schutz erfahren unsere heimischen Igel durch einen giftfreien und mit heimischen Pflanzen best\u00fcckten Naturgarten.<\/p>\n<div class=\"trenner\"><\/div>\n<div class=\"boxohnebg right rahmen1 quer\"><img loading=\"lazy\" decoding=\"async\" src=\"http:\/\/www.nabu.de\/imperia\/md\/images\/nabude\/tiere\/saeugetiere\/insektenfresser\/fittosize_220_150_0b8779f20c43463ca13dbc64cb8dd83a_48.jpg\" alt=\"Jungigel in Hand\" width=\"220\" height=\"150\" \/>Insbesondere junge Igel k\u00f6nnen im Herbst auch tagaktiv sein.<\/p>\n<\/div>\n<p>Insbesondere junge Igel k\u00f6nnen im Herbst auch tagaktiv sein, um sich die n\u00f6tigen Fettreserven anzufressen. Diese Tiere sollten nicht aus falsch verstandener F\u00fcrsorge aufgenommen werden. Nur wenn ein Tier auffallend unterern\u00e4hrt oder krank ist, sollte es aufgenommen oder einer Igelstation anvertraut werden. Igel sind Wildtiere, keine Haustiere.<\/p>\n<p>Bis Mitte November sollte man den Igeln die Chance geben, sich selbst einen geeigneten Platz f\u00fcr den Winterschlaf zu suchen. Sollte danach doch Erste Hilfe f\u00fcr einen Igel notwendig werden, empfiehlt der NABU, bei der n\u00e4chsten Ortsgruppe sachkundigen Rat einzuholen oder sich an anderer Stelle \u00fcber die artgerechte Betreuung zu informieren.<\/p>\n<p><a class=\"pfeildoppel\" href=\"http:\/\/www.igelschutzzentrum.de\" target=\"_blank\">Weiter zum NABU-Igelschutzzentrum<\/a><\/p>\n<div class=\"trenner\"><\/div>\n<div class=\"newsbox\">\n<h2>Weitere Informationen<\/h2>\n<div class=\"box light\">\n<h3><a href=\"http:\/\/www.nabu.de\/oekologischleben\/missiongruen\/17295.html\"> <img decoding=\"async\" class=\"bild links\" title=\"Die zweite \u201eMission Gr\u00fcn!\u201c: Video-Anleitung f\u00fcr ein Igelhaus zum Nachbauen\" src=\"http:\/\/www.nabu.de\/imperia\/md\/images\/nabude\/tiere\/saeugetiere\/141030-nabu-igelhaus-in-der-hecke-220x150.jpeg\" alt=\"Die zweite \u201eMission Gr\u00fcn!\u201c: Video-Anleitung f\u00fcr ein Igelhaus zum Nachbauen\" width=\"100\" \/>Werkeln Sie f\u00fcr die kleinen Stachelkerlchen!<\/a><\/h3>\n<p>Wenn die Tage k\u00e4lter werden, machen sich Igel auf die Suche nach einem sicheren Unterschlupf. Oft kommen die kleinen Freunde im Stachelkost\u00fcm auch in unseren G\u00e4rten vorbei. NABU-Experte Julian Heiermann zeigt in einem Video, wie Sie dem Igel ein Winterh\u00e4uschen bauen k\u00f6nnen! <a href=\"http:\/\/www.nabu.de\/oekologischleben\/missiongruen\/17295.html\"><img decoding=\"async\" title=\"mehr\" src=\"http:\/\/www.nabu.de\/id_nabu\/ic_pfeildoppel.gif\" alt=\"mehr\" \/><\/a> <a href=\"http:\/\/www.nabu.de\/oekologischleben\/missiongruen\/17295.html\">Mehr<\/a><\/p>\n<\/div>\n<div class=\"box dark\">\n<h3><a href=\"http:\/\/www.nabu.de\/oekologischleben\/balkonundgarten\/naturschutztipps\/00755.html\"> <img decoding=\"async\" class=\"bild links\" title=\"Naturnahe G\u00e4rten sind der beste Igelschutz\" src=\"http:\/\/www.nabu.de\/imperia\/md\/images\/nabude\/tiere\/saeugetiere\/insektenfresser\/12.jpg\" alt=\"Naturnahe G\u00e4rten sind der beste Igelschutz\" width=\"100\" \/>Unterschlupf f\u00fcr Winterschl\u00e4fer<\/a><\/h3>\n<p>Wer Igel fit f\u00fcr den Winter machen will, sollte seinen Garten fit f\u00fcr Igel machen, denn G\u00e4rten sind f\u00fcr die stacheligen Tiere wichtige Lebensr\u00e4ume. Das ideale Winterquartier besteht aus einem Haufen aus totem Holz, Reisig und Laub. <a href=\"http:\/\/www.nabu.de\/oekologischleben\/balkonundgarten\/naturschutztipps\/00755.html\"><img decoding=\"async\" title=\"mehr\" src=\"http:\/\/www.nabu.de\/id_nabu\/ic_pfeildoppel.gif\" alt=\"mehr\" \/><\/a> <a href=\"http:\/\/www.nabu.de\/oekologischleben\/balkonundgarten\/naturschutztipps\/00755.html\">Mehr<\/a><\/p>\n<\/div>\n<div class=\"box light\">\n<h3><a href=\"http:\/\/www.nabu.de\/themen\/artenschutz\/erhaltungsmassnahmen\/01946.html\"> <img decoding=\"async\" class=\"bild links\" title=\"Hier k\u00f6nnen Sie verletzten V\u00f6geln und S\u00e4ugetieren helfen \" src=\"http:\/\/www.nabu.de\/imperia\/md\/images\/nabude\/tiere\/voegel\/greife\/adler\/freilassung.jpeg\" alt=\"Hier k\u00f6nnen Sie verletzten V\u00f6geln und S\u00e4ugetieren helfen \" width=\"100\" \/>Pflege- und Auffangstationen<\/a><\/h3>\n<p>Immer wieder erreichen uns Meldungen von verletzten Tieren, die unsere Hilfe brauchen. Ob kranke Jungigel oder vom Auto erfasste Bussarde &#8211; Der NABU k\u00fcmmert sich in verschiedenen Auffang- und Pflegestationen direkt um die tierischen Opfer. <a href=\"http:\/\/www.nabu.de\/themen\/artenschutz\/erhaltungsmassnahmen\/01946.html\"><img decoding=\"async\" title=\"mehr\" src=\"http:\/\/www.nabu.de\/id_nabu\/ic_pfeildoppel.gif\" alt=\"mehr\" \/><\/a> <a href=\"http:\/\/www.nabu.de\/themen\/artenschutz\/erhaltungsmassnahmen\/01946.html\">Mehr<\/a><\/p>\n<\/div>\n<div class=\"box dark\">\n<h3><a href=\"http:\/\/www.nabu.de\/tiereundpflanzen\/naturdesjahres\/natur2009\/10302.html\"> <img decoding=\"async\" class=\"bild links\" title=\"Der Igel ist \u201eWildtier des Jahres 2009\u201c\" src=\"http:\/\/www.nabu.de\/imperia\/md\/images\/nabude\/tiere\/saeugetiere\/insektenfresser\/fittosize_220_150_56c1e303155176db79ed28390051e5e9_16.jpg\" alt=\"Der Igel ist \u201eWildtier des Jahres 2009\u201c\" width=\"100\" \/>N\u00e4chtliche Schneckenjagd im Garten<\/a><\/h3>\n<p>Der Igel wurde zum \u201eWildtier des Jahres 2009\u201c ernannt. Igel leben als Einzelg\u00e4nger und sind \u00fcberwiegend in der Nacht aktiv. Ihr Speiseplan ist vielf\u00e4ltig und reicht von Insekten, Regenw\u00fcrmern, Spinnen und Schnecken bis hin zu Fr\u00f6schen und M\u00e4usen. <a href=\"http:\/\/www.nabu.de\/tiereundpflanzen\/naturdesjahres\/natur2009\/10302.html\"><img decoding=\"async\" title=\"mehr\" src=\"http:\/\/www.nabu.de\/id_nabu\/ic_pfeildoppel.gif\" alt=\"mehr\" \/><\/a> <a href=\"http:\/\/www.nabu.de\/tiereundpflanzen\/naturdesjahres\/natur2009\/10302.html\">Mehr<\/a><\/p>\n<\/div>\n<div class=\"box light\">\n<h3><a href=\"http:\/\/www.nabu.de\/oekologischleben\/balkonundgarten\/naturschutztipps\/01811.html\"> <img decoding=\"async\" class=\"bild links\" title=\"Brosch\u00fcre, Ratgeber-Download, Buch, CD-ROM, Igel-Figuren\" src=\"http:\/\/www.nabu.de\/imperia\/md\/images\/nabude\/publikationen\/fittosize_220_150_56c1e303155176db79ed28390051e5e9_16.jpg\" alt=\"Brosch\u00fcre, Ratgeber-Download, Buch, CD-ROM, Igel-Figuren\" width=\"100\" \/>Igel-Materialien<\/a><\/h3>\n<p>Informationen rund um den Igel, seine Lebensweise und die Konflikte mit dem vom Menschen gepr\u00e4gten Umfeld sowie Tipps zum Igelschutz bietet die 20-seitige, farbig bebilderte Brosch\u00fcre &#8220;Der Igel &#8211; Pflegefall oder Outdoor-Profi?&#8221;.<\/p>\n<\/div>\n<\/div>\n","protected":false},"excerpt":{"rendered":"<p>Pflegefall oder stacheliger Outdoorprofi? Infos \u00fcber unseren heimischen Igel Igel Ist der Igel nun ein Pfegefall, den man durchf\u00fcttern muss oder ein echter Outdoor-Profi, der auch in frostigsten Zeiten zu \u00fcberleben wei\u00df? Die Antwort auf diese Frage und viele Tipps, wie Sie Igel in ihrem Garten helfen k\u00f6nnen, finden Sie in der NABU-Brosch\u00fcre. (Brosch\u00fcre bestellen) Bei sinkenden Temperaturen fragen sich wieder viele Mitmenschen beim Anblick eines Igels, ob das niedliche Stacheltier wohl heil \u00fcber den Winter kommen wird. F\u00fcr gesunde Igel geh\u00f6ren die Vorbereitungen zum Winterschlaf zur Routine. Die Tiere haben sich den Sommer \u00fcber ausreichende Fettreserven zugelegt, von denen sie \u00fcber Monate hinweg zehren k\u00f6nnen. Problematisch wird es f\u00fcr viele Igel h\u00e4ufig bei der Suche nach einem geeigneten Winterquartier. Im Naturgarten finden die sympathischen S\u00e4ugetiere ausreichend Unterschlupfm\u00f6glichkeiten unter Reisig-, Laub- und Holzhaufen oder in Hecken und Str\u00e4uchern. Sollte Ihr Garten derartige M\u00f6glichkeiten nicht bieten, dann k\u00f6nnen Sie dem Igel auch ein Winterhaus bauen. So einfach geht&#8217;s:<\/p>\n","protected":false},"author":1,"featured_media":14856,"comment_status":"open","ping_status":"open","sticky":false,"template":"","format":"standard","meta":{"footnotes":""},"categories":[67,51,64],"tags":[],"jetpack_featured_media_url":"http:\/\/www.kunstgalerie-barbara.de\/blog\/wp-content\/uploads\/2014\/11\/lasst-unsere-stachligen-gesellen.jpg","_links":{"self":[{"href":"http:\/\/www.kunstgalerie-barbara.de\/blog\/wp-json\/wp\/v2\/posts\/14854"}],"collection":[{"href":"http:\/\/www.kunstgalerie-barbara.de\/blog\/wp-json\/wp\/v2\/posts"}],"about":[{"href":"http:\/\/www.kunstgalerie-barbara.de\/blog\/wp-json\/wp\/v2\/types\/post"}],"author":[{"embeddable":true,"href":"http:\/\/www.kunstgalerie-barbara.de\/blog\/wp-json\/wp\/v2\/users\/1"}],"replies":[{"embeddable":true,"href":"http:\/\/www.kunstgalerie-barbara.de\/blog\/wp-json\/wp\/v2\/comments?post=14854"}],"version-history":[{"count":1,"href":"http:\/\/www.kunstgalerie-barbara.de\/blog\/wp-json\/wp\/v2\/posts\/14854\/revisions"}],"predecessor-version":[{"id":14855,"href":"http:\/\/www.kunstgalerie-barbara.de\/blog\/wp-json\/wp\/v2\/posts\/14854\/revisions\/14855"}],"wp:featuredmedia":[{"embeddable":true,"href":"http:\/\/www.kunstgalerie-barbara.de\/blog\/wp-json\/wp\/v2\/media\/14856"}],"wp:attachment":[{"href":"http:\/\/www.kunstgalerie-barbara.de\/blog\/wp-json\/wp\/v2\/media?parent=14854"}],"wp:term":[{"taxonomy":"category","embeddable":true,"href":"http:\/\/www.kunstgalerie-barbara.de\/blog\/wp-json\/wp\/v2\/categories?post=14854"},{"taxonomy":"post_tag","embeddable":true,"href":"http:\/\/www.kunstgalerie-barbara.de\/blog\/wp-json\/wp\/v2\/tags?post=14854"}],"curies":[{"name":"wp","href":"https:\/\/api.w.org\/{rel}","templated":true}]}}