{"id":14887,"date":"2014-11-28T15:13:13","date_gmt":"2014-11-28T13:13:13","guid":{"rendered":"http:\/\/www.kunstgalerie-barbara.de\/blog\/?p=14887"},"modified":"2014-11-28T15:35:58","modified_gmt":"2014-11-28T13:35:58","slug":"wer-von-euch-noch-nicht-unterschrieben-hat-sollte-es-jetzt-tun-wir-stehen-kurz-davor-die-million-an-unterschriften-erreicht-zu-haben-und-junker-zu-seinem-sechzigsten-geburtstag-die-volle-million-zu","status":"publish","type":"post","link":"http:\/\/www.kunstgalerie-barbara.de\/blog\/2014\/11\/wer-von-euch-noch-nicht-unterschrieben-hat-sollte-es-jetzt-tun-wir-stehen-kurz-davor-die-million-an-unterschriften-erreicht-zu-haben-und-junker-zu-seinem-sechzigsten-geburtstag-die-volle-million-zu\/","title":{"rendered":"Wer von Euch noch nicht unterschrieben hat, sollte es jetzt tun! Wir stehen kurz davor, die Million an Unterschriften erreicht zu haben und EU-Kommissionspr\u00e4sident Juncker zu seinem 60. Geburtstag die volle Million pr\u00e4sentieren zu k\u00f6nnen!"},"content":{"rendered":"<div id=\"policat_widget_left\">\n<div id=\"content_left\">\n<div id=\"petition\">\n<h1 id=\"pet_title\">Stopp TTIP und CETA!<\/h1>\n<h2 class=\"form_title\"><span style=\"color: #ff0000;\"><a style=\"color: #ff0000;\" href=\"https:\/\/www.mehr-demokratie.de\/stoppttip.html\" target=\"_blank\">Klickt hier, um die Initiative <\/a><\/span><span style=\"color: #ff0000;\"><a style=\"color: #ff0000;\" href=\"https:\/\/www.mehr-demokratie.de\/stoppttip.html\" target=\"_blank\">bei Mehr Demokratie e.V. <\/a><\/span><span style=\"color: #ff0000;\"><a style=\"color: #ff0000;\" href=\"https:\/\/www.mehr-demokratie.de\/stoppttip.html\" target=\"_blank\">zu unterzeichnen !<\/a><\/span><\/h2>\n<div id=\"left_tab\" class=\"left_tab\">\n<div id=\"pet_subtitle\" class=\"title\"><\/div>\n<div class=\"scroll\">\n<div id=\"petition_text\" class=\"\">\n<div class=\"jspContainer\">\n<div class=\"jspPane\">\n<p><img decoding=\"async\" title=\"Europ\u00e4ische B\u00fcrgerinitiative gegen TTIP und CETA\" src=\"https:\/\/www.policat.org\/images\/ttipceta\/Title_de.png\" alt=\"Europ\u00e4ische B\u00fcrgerinitiative gegen TTIP und CETA\" \/><\/p>\n<p><em><strong>Gegenstand<\/strong><\/em><\/p>\n<p><strong>Wir fordern die Institutionen der Europ\u00e4ischen Union und ihre Mitgliedsstaaten dazu auf, die Verhandlungen mit den USA \u00fcber die Transatlantische Handels- und Investitionspartnerschaft (TTIP) zu stoppen, sowie das Umfassende Wirtschafts- und Handelsabkommen (CETA) mit Kanada nicht zu ratifizieren.<\/strong><\/p>\n<p><em><strong>Wichtigste Ziele<\/strong><\/em><\/p>\n<p>Wir wollen TTIP und CETA verhindern, da sie diverse kritische Punkte wie Investor-Staat-Schiedsverfahren und Regelungen zur regulatorischen Kooperation enthalten, die Demokratie und Rechtsstaat aush\u00f6hlen. Wir wollen verhindern, dass in intransparenten Verhandlungen Arbeits-, Sozial-, Umwelt-, Datenschutz- und Verbraucherschutzstandards gesenkt sowie \u00f6ffentliche Dienstleistungen (z. B. Wasserversorgung) und Kulturg\u00fcter dereguliert werden. Die selbstorganisierte EBI unterst\u00fctzt eine alternative Handels- und Investitionspolitik der EU.<\/p>\n<p><a href=\"http:\/\/www.kunstgalerie-barbara.de\/blog\/wp-content\/uploads\/2014\/11\/3195ea43d5e81ba0ebab756e1b74f615c481d3f8.png\"><img loading=\"lazy\" decoding=\"async\" class=\"aligncenter size-medium wp-image-14893\" src=\"http:\/\/www.kunstgalerie-barbara.de\/blog\/wp-content\/uploads\/2014\/11\/3195ea43d5e81ba0ebab756e1b74f615c481d3f8-300x191.png\" alt=\"3195ea43d5e81ba0ebab756e1b74f615c481d3f8\" width=\"300\" height=\"191\" srcset=\"http:\/\/www.kunstgalerie-barbara.de\/blog\/wp-content\/uploads\/2014\/11\/3195ea43d5e81ba0ebab756e1b74f615c481d3f8-300x191.png 300w, http:\/\/www.kunstgalerie-barbara.de\/blog\/wp-content\/uploads\/2014\/11\/3195ea43d5e81ba0ebab756e1b74f615c481d3f8.png 521w\" sizes=\"(max-width: 300px) 100vw, 300px\" \/><\/a><\/p>\n<p>&nbsp;<\/p>\n<\/div>\n<\/div>\n<\/div>\n<\/div>\n<\/div>\n<\/div>\n<\/div>\n<\/div>\n","protected":false},"excerpt":{"rendered":"<p>Stopp TTIP und CETA! Klickt hier, um die Initiative bei Mehr Demokratie e.V. zu unterzeichnen ! Gegenstand Wir fordern die Institutionen der Europ\u00e4ischen Union und ihre Mitgliedsstaaten dazu auf, die Verhandlungen mit den USA \u00fcber die Transatlantische Handels- und Investitionspartnerschaft (TTIP) zu stoppen, sowie das Umfassende Wirtschafts- und Handelsabkommen (CETA) mit Kanada nicht zu ratifizieren. Wichtigste Ziele Wir wollen TTIP und CETA verhindern, da sie diverse kritische Punkte wie Investor-Staat-Schiedsverfahren und Regelungen zur regulatorischen Kooperation enthalten, die Demokratie und Rechtsstaat aush\u00f6hlen. Wir wollen verhindern, dass in intransparenten Verhandlungen Arbeits-, Sozial-, Umwelt-, Datenschutz- und Verbraucherschutzstandards gesenkt sowie \u00f6ffentliche Dienstleistungen (z. B. Wasserversorgung) und Kulturg\u00fcter dereguliert werden. Die selbstorganisierte EBI unterst\u00fctzt eine alternative Handels- und Investitionspolitik der EU. &nbsp;<\/p>\n","protected":false},"author":1,"featured_media":0,"comment_status":"open","ping_status":"open","sticky":false,"template":"","format":"standard","meta":{"footnotes":""},"categories":[42,40,51],"tags":[],"jetpack_featured_media_url":"","_links":{"self":[{"href":"http:\/\/www.kunstgalerie-barbara.de\/blog\/wp-json\/wp\/v2\/posts\/14887"}],"collection":[{"href":"http:\/\/www.kunstgalerie-barbara.de\/blog\/wp-json\/wp\/v2\/posts"}],"about":[{"href":"http:\/\/www.kunstgalerie-barbara.de\/blog\/wp-json\/wp\/v2\/types\/post"}],"author":[{"embeddable":true,"href":"http:\/\/www.kunstgalerie-barbara.de\/blog\/wp-json\/wp\/v2\/users\/1"}],"replies":[{"embeddable":true,"href":"http:\/\/www.kunstgalerie-barbara.de\/blog\/wp-json\/wp\/v2\/comments?post=14887"}],"version-history":[{"count":1,"href":"http:\/\/www.kunstgalerie-barbara.de\/blog\/wp-json\/wp\/v2\/posts\/14887\/revisions"}],"predecessor-version":[{"id":14898,"href":"http:\/\/www.kunstgalerie-barbara.de\/blog\/wp-json\/wp\/v2\/posts\/14887\/revisions\/14898"}],"wp:attachment":[{"href":"http:\/\/www.kunstgalerie-barbara.de\/blog\/wp-json\/wp\/v2\/media?parent=14887"}],"wp:term":[{"taxonomy":"category","embeddable":true,"href":"http:\/\/www.kunstgalerie-barbara.de\/blog\/wp-json\/wp\/v2\/categories?post=14887"},{"taxonomy":"post_tag","embeddable":true,"href":"http:\/\/www.kunstgalerie-barbara.de\/blog\/wp-json\/wp\/v2\/tags?post=14887"}],"curies":[{"name":"wp","href":"https:\/\/api.w.org\/{rel}","templated":true}]}}