{"id":14939,"date":"2014-12-11T07:29:30","date_gmt":"2014-12-11T05:29:30","guid":{"rendered":"http:\/\/www.kunstgalerie-barbara.de\/blog\/?p=14939"},"modified":"2014-12-11T07:29:30","modified_gmt":"2014-12-11T05:29:30","slug":"farfalle-aus-der-pfanne","status":"publish","type":"post","link":"http:\/\/www.kunstgalerie-barbara.de\/blog\/2014\/12\/farfalle-aus-der-pfanne\/","title":{"rendered":"Farfalle aus der Pfanne&#8230;"},"content":{"rendered":"<p style=\"text-align: center;\"><a href=\"http:\/\/www.kunstgalerie-barbara.de\/blog\/wp-content\/uploads\/2014\/12\/P1590975-Kopie.jpg\"><img loading=\"lazy\" decoding=\"async\" class=\"aligncenter wp-image-14940 size-full\" src=\"http:\/\/www.kunstgalerie-barbara.de\/blog\/wp-content\/uploads\/2014\/12\/P1590975-Kopie.jpg\" alt=\"P1590975 Kopie\" width=\"470\" height=\"315\" srcset=\"http:\/\/www.kunstgalerie-barbara.de\/blog\/wp-content\/uploads\/2014\/12\/P1590975-Kopie.jpg 470w, http:\/\/www.kunstgalerie-barbara.de\/blog\/wp-content\/uploads\/2014\/12\/P1590975-Kopie-300x201.jpg 300w\" sizes=\"(max-width: 470px) 100vw, 470px\" \/><\/a>geht so:<\/p>\n<p><!--more-->500 Gramm Vollkornfarfalle in gen\u00fcgend kochendem wasser garen abgie\u00dfen und warm stellen.<br \/>\nZwei M\u00f6hren, eine Zuchini, eine Aubergine, zwei Paprikaschoten in St\u00fccke geschnitten und zusammen mit getrocknetem gerebbeltem Oregano, Gem\u00fcsebr\u00fche, einer halben Flasche Wei\u00dfwein, Knoblauch nach Geschmackund einem guten Schu\u00df Raps\u00f6l\u00a0 in einer Pfanne schmoren. Fertig gegart ( eher al dente )\u00a0 mit einem E\u00dfl\u00f6ffel Tartex Brotaufstrich aromatisieren und andicken. Das Gem\u00fcse mit den Farfalle mischen und servieren. Wer will kann sich die Pfannenfarfalle noch mit gerebbeltem Hartk\u00e4se der Wahl verfeinern.<\/p>\n<p style=\"text-align: center;\">Guten Appetit!<\/p>\n","protected":false},"excerpt":{"rendered":"<p>geht so:<\/p>\n","protected":false},"author":1,"featured_media":0,"comment_status":"open","ping_status":"open","sticky":false,"template":"","format":"standard","meta":{"footnotes":""},"categories":[27],"tags":[],"jetpack_featured_media_url":"","_links":{"self":[{"href":"http:\/\/www.kunstgalerie-barbara.de\/blog\/wp-json\/wp\/v2\/posts\/14939"}],"collection":[{"href":"http:\/\/www.kunstgalerie-barbara.de\/blog\/wp-json\/wp\/v2\/posts"}],"about":[{"href":"http:\/\/www.kunstgalerie-barbara.de\/blog\/wp-json\/wp\/v2\/types\/post"}],"author":[{"embeddable":true,"href":"http:\/\/www.kunstgalerie-barbara.de\/blog\/wp-json\/wp\/v2\/users\/1"}],"replies":[{"embeddable":true,"href":"http:\/\/www.kunstgalerie-barbara.de\/blog\/wp-json\/wp\/v2\/comments?post=14939"}],"version-history":[{"count":1,"href":"http:\/\/www.kunstgalerie-barbara.de\/blog\/wp-json\/wp\/v2\/posts\/14939\/revisions"}],"predecessor-version":[{"id":14941,"href":"http:\/\/www.kunstgalerie-barbara.de\/blog\/wp-json\/wp\/v2\/posts\/14939\/revisions\/14941"}],"wp:attachment":[{"href":"http:\/\/www.kunstgalerie-barbara.de\/blog\/wp-json\/wp\/v2\/media?parent=14939"}],"wp:term":[{"taxonomy":"category","embeddable":true,"href":"http:\/\/www.kunstgalerie-barbara.de\/blog\/wp-json\/wp\/v2\/categories?post=14939"},{"taxonomy":"post_tag","embeddable":true,"href":"http:\/\/www.kunstgalerie-barbara.de\/blog\/wp-json\/wp\/v2\/tags?post=14939"}],"curies":[{"name":"wp","href":"https:\/\/api.w.org\/{rel}","templated":true}]}}