{"id":1494,"date":"2009-03-28T17:26:09","date_gmt":"2009-03-28T16:26:09","guid":{"rendered":"http:\/\/www.kunstgalerie-barbara.de\/blog\/?p=1494"},"modified":"2011-08-02T07:41:05","modified_gmt":"2011-08-02T06:41:05","slug":"zaertlicher-doppelgaenger","status":"publish","type":"post","link":"http:\/\/www.kunstgalerie-barbara.de\/blog\/2009\/03\/zaertlicher-doppelgaenger\/","title":{"rendered":"Z\u00e4rtlicher Doppelg\u00e4nger"},"content":{"rendered":"<p style=\"text-align: center;\"><img loading=\"lazy\" decoding=\"async\" class=\"aligncenter size-full wp-image-2651\" title=\"P3132975\" src=\"http:\/\/www.kunstgalerie-barbara.de\/blog\/wp-content\/uploads\/2009\/03\/P3132975.JPG\" alt=\"P3132975\" width=\"442\" height=\"332\" \/><\/p>\n<p>Ich parkte gerade meinen Drahtesel in unserem Giebel als ein pechschwarzer Kater um meine Beine strich und sich dabei fest an dieselben presste. Da ich fest daran glaubte, es sei Bisi unser schnurrender Vierbeiner, sprach ich ihn selbstverst\u00e4ndlich auch als solchen an und fragte ihn freudig \u00fcberrascht und nicht wenig erstaunt, wie es k\u00e4me, dass er mit einmal so z\u00e4rtlich gesinnt sei.  Denn wenn er bisher au\u00dferhalb des Hauses meiner ansichtig wurde, tat er so, als kenne er mich nicht. Er betrachtete mich mit leerem abweisendem Blick und gab zus\u00e4tzlich auch noch Gas,  als sei es eine Zumutung ihn zu erkennen und noch schlimmer ihn anzusprechen. <!--more--><br \/>\nWas war mit Bisi geschehen, dass er pl\u00f6tzlich meine N\u00e4he suchte? Der schwarze Geselle strich weiterhin ganz intensiv um meine Beine herum, ja er begann sogar zu maunzen. Langsam d\u00e4mmerte mir jedoch, dies konnte bei aller \u00c4hnlichkeit nicht unser Bisi sein. Als er seinen Kopf zu mir hob, sah ich einen wei\u00dfen Streifen, eine Zeichnung an seiner Nase, die unser Kater nicht aufzuweisen hat. Aha, dies konnte also nur sein  Doppelg\u00e4nger, sein Fellbruder sein, den ich schon des \u00d6fteren mit unserem Kater verwechselt hatte, ihn angesprochen und verwundert gefragt hatte, was ihm einfiele sich so weit von  Zuhause herumzutreiben? Es entwich ihm ein kleines zaghaftes Miauen, w\u00e4hrend er mich zutraulich anblickte, zu zutraulich. Dies konnte beim besten Willen nicht unser Kater sein, der sich ja stets nur inkognito au\u00dferhalb seines Zuhauses bewegte.<br \/>\nDa Bisis Fellbruder nicht von meinen Beinen lassen wollte, nahm ich ihn mit in unseren Garten. Als ich in die K\u00fcche ging, stand er abwartend auf der Treppe. Ich vermutete, er wolle etwas zu futtern haben. Meine Tochter, von welcher Katze auch immer begeistert, schickte sich sofort an, ihm ein Sch\u00e4lchen Fischbreckies hinzustellen, Fischbreckies, die unser Kater nicht einmal in gr\u00f6\u00dfter Not zu sich nahm. Er machte sich sofort mit dem gr\u00f6\u00dften Appetit dar\u00fcber her. Seit kurzem ern\u00c3\u00a4hren wir nun zwei Katzen, Bisi und seinen Doppelg\u00e4nger.<\/p>\n","protected":false},"excerpt":{"rendered":"<p>Ich parkte gerade meinen Drahtesel in unserem Giebel als ein pechschwarzer Kater um meine Beine strich und sich dabei fest an dieselben presste. Da ich fest daran glaubte, es sei Bisi unser schnurrender Vierbeiner, sprach ich ihn selbstverst\u00e4ndlich auch als solchen an und fragte ihn freudig \u00fcberrascht und nicht wenig erstaunt, wie es k\u00e4me, dass er mit einmal so z\u00e4rtlich gesinnt sei. Denn wenn er bisher au\u00dferhalb des Hauses meiner ansichtig wurde, tat er so, als kenne er mich nicht. Er betrachtete mich mit leerem abweisendem Blick und gab zus\u00e4tzlich auch noch Gas, als sei es eine Zumutung ihn zu erkennen und noch schlimmer ihn anzusprechen.<\/p>\n","protected":false},"author":1,"featured_media":0,"comment_status":"open","ping_status":"open","sticky":false,"template":"","format":"standard","meta":{"footnotes":""},"categories":[19],"tags":[],"jetpack_featured_media_url":"","_links":{"self":[{"href":"http:\/\/www.kunstgalerie-barbara.de\/blog\/wp-json\/wp\/v2\/posts\/1494"}],"collection":[{"href":"http:\/\/www.kunstgalerie-barbara.de\/blog\/wp-json\/wp\/v2\/posts"}],"about":[{"href":"http:\/\/www.kunstgalerie-barbara.de\/blog\/wp-json\/wp\/v2\/types\/post"}],"author":[{"embeddable":true,"href":"http:\/\/www.kunstgalerie-barbara.de\/blog\/wp-json\/wp\/v2\/users\/1"}],"replies":[{"embeddable":true,"href":"http:\/\/www.kunstgalerie-barbara.de\/blog\/wp-json\/wp\/v2\/comments?post=1494"}],"version-history":[{"count":1,"href":"http:\/\/www.kunstgalerie-barbara.de\/blog\/wp-json\/wp\/v2\/posts\/1494\/revisions"}],"predecessor-version":[{"id":1497,"href":"http:\/\/www.kunstgalerie-barbara.de\/blog\/wp-json\/wp\/v2\/posts\/1494\/revisions\/1497"}],"wp:attachment":[{"href":"http:\/\/www.kunstgalerie-barbara.de\/blog\/wp-json\/wp\/v2\/media?parent=1494"}],"wp:term":[{"taxonomy":"category","embeddable":true,"href":"http:\/\/www.kunstgalerie-barbara.de\/blog\/wp-json\/wp\/v2\/categories?post=1494"},{"taxonomy":"post_tag","embeddable":true,"href":"http:\/\/www.kunstgalerie-barbara.de\/blog\/wp-json\/wp\/v2\/tags?post=1494"}],"curies":[{"name":"wp","href":"https:\/\/api.w.org\/{rel}","templated":true}]}}