{"id":14990,"date":"2014-12-23T08:15:26","date_gmt":"2014-12-23T06:15:26","guid":{"rendered":"http:\/\/www.kunstgalerie-barbara.de\/blog\/?p=14990"},"modified":"2014-12-23T08:23:29","modified_gmt":"2014-12-23T06:23:29","slug":"argentinisches-gericht-gesteht-orang-utan-menschenrecht-zu","status":"publish","type":"post","link":"http:\/\/www.kunstgalerie-barbara.de\/blog\/2014\/12\/argentinisches-gericht-gesteht-orang-utan-menschenrecht-zu\/","title":{"rendered":"Argentinisches Gericht gesteht Orang-Utan Menschenrecht zu"},"content":{"rendered":"<figure id=\"attachment_14993\" aria-describedby=\"caption-attachment-14993\" style=\"width: 450px\" class=\"wp-caption aligncenter\"><a href=\"http:\/\/www.kunstgalerie-barbara.de\/blog\/wp-content\/uploads\/2014\/12\/Sandra_cut.jpg\"><img loading=\"lazy\" decoding=\"async\" class=\"wp-image-14993\" src=\"http:\/\/www.kunstgalerie-barbara.de\/blog\/wp-content\/uploads\/2014\/12\/Sandra_cut-300x119.jpg\" alt=\"Sandra_cut\" width=\"450\" height=\"179\" srcset=\"http:\/\/www.kunstgalerie-barbara.de\/blog\/wp-content\/uploads\/2014\/12\/Sandra_cut-300x119.jpg 300w, http:\/\/www.kunstgalerie-barbara.de\/blog\/wp-content\/uploads\/2014\/12\/Sandra_cut.jpg 858w\" sizes=\"(max-width: 450px) 100vw, 450px\" \/><\/a><figcaption id=\"caption-attachment-14993\" class=\"wp-caption-text\">Copyright: Reuters<\/figcaption><\/figure>\n<p class=\"rtejustify\">Tiersch\u00fctzer haben vor einem argentinischen Gericht durchgesetzt, dass Orang-Utan-Dame Sandra aus ihrer Gefangenschaft im Zoo von Buenos Aires befreit wird. Die Argentinische Anwaltsvereinigung f\u00fcr Tierrechte (AFADA) hatte sich bei ihrer Klage f\u00fcr Sandra auf die sogenannten &#8220;Habeas Corpus-Rechte&#8221; gest\u00fctzt. Diese gelten als universelle Menschenrechte und sch\u00fctzen Personen vor willk\u00fcrlicher Inhaftierung. AFADA argumentierte, Sandra m\u00fcsse eine &#8220;ungerechtfertigte Gefangenschaft&#8221; erleiden. Zwar sei sie biologisch nicht identisch mit dem Menschen, psychisch w\u00fcrde sie aber genauso wie Menschen unter Gefangenschaft leiden.<\/p>\n<p class=\"rtejustify\">Die Entscheidung hing an der Frage, ob Sandra als Person oder als Sache zu bewerten ist. Das Gericht hat nun entschieden, dass Sandra mehr eine Person als eine Sache sei. AFADA-Anwalt Paul Buompadre erkl\u00e4rte die Tragweite der Entscheidung: &#8220;Dies ebnet nicht nur den Weg f\u00fcr andere Menschenaffen, sondern auch f\u00fcr andere empfindungsf\u00e4hige Lebewesen, die ungerechterweise und willk\u00fcrlich in Zoos, Zirkussen, Aquarien und wissenschaftlichen Laboren gefangen gehalten werden.&#8221;<\/p>\n<p class=\"rtejustify\">Sandra war 1986 in einem deutschen Zoo geboren und 1994 nach Argentinien gebracht worden. Im Zoo lebte Sandra bisher in einem st\u00e4ndigen Zustand von Stress. Immer wieder versuchte die Orang-Utan-Dame den Blicken der Zoo-Besucher zu entkommen. Soweit keine Berufung eingelegt wird, wird Sandra ihren Lebensabend in einem Schutzgebiet in Brasilien verbringen d\u00fcrfen.<\/p>\n<p>&nbsp;<\/p>\n<p><strong>QUELLEN:<\/strong><\/p>\n<div>[1] <a href=\"http:\/\/www.bbc.com\/news\/world-latin-america-30571577\">BBC<\/a><\/div>\n<div>[2] <a href=\"http:\/\/www.nzz.ch\/panorama\/orang-utan-in-ungerechtfertigter-gefangenschaft-1.18449478\">NZZ<\/a><\/div>\n<div>[3] <a href=\"http:\/\/www.sueddeutsche.de\/panorama\/argentinien-orang-utan-sandra-soll-aus-zoo-freigelassen-werden-1.2278069\">SZ<\/a><\/div>\n<div>Foto: Reuters<\/div>\n","protected":false},"excerpt":{"rendered":"<p>Tiersch\u00fctzer haben vor einem argentinischen Gericht durchgesetzt, dass Orang-Utan-Dame Sandra aus ihrer Gefangenschaft im Zoo von Buenos Aires befreit wird. Die Argentinische Anwaltsvereinigung f\u00fcr Tierrechte (AFADA) hatte sich bei ihrer Klage f\u00fcr Sandra auf die sogenannten &#8220;Habeas Corpus-Rechte&#8221; gest\u00fctzt. Diese gelten als universelle Menschenrechte und sch\u00fctzen Personen vor willk\u00fcrlicher Inhaftierung. AFADA argumentierte, Sandra m\u00fcsse eine &#8220;ungerechtfertigte Gefangenschaft&#8221; erleiden. Zwar sei sie biologisch nicht identisch mit dem Menschen, psychisch w\u00fcrde sie aber genauso wie Menschen unter Gefangenschaft leiden. Die Entscheidung hing an der Frage, ob Sandra als Person oder als Sache zu bewerten ist. Das Gericht hat nun entschieden, dass Sandra mehr eine Person als eine Sache sei. AFADA-Anwalt Paul Buompadre erkl\u00e4rte die Tragweite der Entscheidung: &#8220;Dies ebnet nicht nur den Weg f\u00fcr andere Menschenaffen, sondern auch f\u00fcr andere empfindungsf\u00e4hige Lebewesen, die ungerechterweise und willk\u00fcrlich in Zoos, Zirkussen, Aquarien und wissenschaftlichen Laboren gefangen gehalten werden.&#8221; Sandra war 1986 in einem deutschen Zoo geboren und 1994 nach Argentinien gebracht worden. Im Zoo lebte Sandra bisher in einem st\u00e4ndigen Zustand von Stress. Immer wieder versuchte die Orang-Utan-Dame den Blicken der Zoo-Besucher zu entkommen. Soweit keine Berufung eingelegt wird, wird Sandra ihren Lebensabend in einem Schutzgebiet in Brasilien verbringen d\u00fcrfen. &nbsp; QUELLEN: [1] BBC [2] NZZ [3] SZ Foto: Reuters<\/p>\n","protected":false},"author":1,"featured_media":0,"comment_status":"open","ping_status":"open","sticky":false,"template":"","format":"standard","meta":{"footnotes":""},"categories":[42,67,40,51,64],"tags":[],"jetpack_featured_media_url":"","_links":{"self":[{"href":"http:\/\/www.kunstgalerie-barbara.de\/blog\/wp-json\/wp\/v2\/posts\/14990"}],"collection":[{"href":"http:\/\/www.kunstgalerie-barbara.de\/blog\/wp-json\/wp\/v2\/posts"}],"about":[{"href":"http:\/\/www.kunstgalerie-barbara.de\/blog\/wp-json\/wp\/v2\/types\/post"}],"author":[{"embeddable":true,"href":"http:\/\/www.kunstgalerie-barbara.de\/blog\/wp-json\/wp\/v2\/users\/1"}],"replies":[{"embeddable":true,"href":"http:\/\/www.kunstgalerie-barbara.de\/blog\/wp-json\/wp\/v2\/comments?post=14990"}],"version-history":[{"count":1,"href":"http:\/\/www.kunstgalerie-barbara.de\/blog\/wp-json\/wp\/v2\/posts\/14990\/revisions"}],"predecessor-version":[{"id":14997,"href":"http:\/\/www.kunstgalerie-barbara.de\/blog\/wp-json\/wp\/v2\/posts\/14990\/revisions\/14997"}],"wp:attachment":[{"href":"http:\/\/www.kunstgalerie-barbara.de\/blog\/wp-json\/wp\/v2\/media?parent=14990"}],"wp:term":[{"taxonomy":"category","embeddable":true,"href":"http:\/\/www.kunstgalerie-barbara.de\/blog\/wp-json\/wp\/v2\/categories?post=14990"},{"taxonomy":"post_tag","embeddable":true,"href":"http:\/\/www.kunstgalerie-barbara.de\/blog\/wp-json\/wp\/v2\/tags?post=14990"}],"curies":[{"name":"wp","href":"https:\/\/api.w.org\/{rel}","templated":true}]}}