{"id":15038,"date":"2015-01-06T06:39:07","date_gmt":"2015-01-06T04:39:07","guid":{"rendered":"http:\/\/www.kunstgalerie-barbara.de\/blog\/?p=15038"},"modified":"2015-01-06T07:13:35","modified_gmt":"2015-01-06T05:13:35","slug":"wir-haben-entschieden-zu-wenig-ruderalflaechen","status":"publish","type":"post","link":"http:\/\/www.kunstgalerie-barbara.de\/blog\/2015\/01\/wir-haben-entschieden-zu-wenig-ruderalflaechen\/","title":{"rendered":"Wir haben entschieden zu wenig Ruderalfl\u00e4chen"},"content":{"rendered":"<p><a href=\"http:\/\/www.kunstgalerie-barbara.de\/blog\/wp-content\/uploads\/2015\/01\/P1600612.jpg\"><img loading=\"lazy\" decoding=\"async\" class=\"aligncenter wp-image-15041 size-full\" src=\"http:\/\/www.kunstgalerie-barbara.de\/blog\/wp-content\/uploads\/2015\/01\/P1600612.jpg\" alt=\"P1600612\" width=\"480\" height=\"323\" srcset=\"http:\/\/www.kunstgalerie-barbara.de\/blog\/wp-content\/uploads\/2015\/01\/P1600612.jpg 480w, http:\/\/www.kunstgalerie-barbara.de\/blog\/wp-content\/uploads\/2015\/01\/P1600612-300x202.jpg 300w\" sizes=\"(max-width: 480px) 100vw, 480px\" \/><\/a>&#8230;sowohl innerhalb unserer St\u00e4dte, als auch auf dem Land.<br \/>\nPl\u00e4tze an denen sich Wild-Pflanzen ungehindert ausbreiten k\u00f6nnen und eine Vielfalt an Insekten m\u00f6glich ist! Kein Park, keine gestaltete Gr\u00fcnfl\u00e4che, sondern reine Natur.<\/p>\n<p><a href=\"http:\/\/www.naturtipps.com\/ruderalflaechen.html\">http:\/\/www.naturtipps.com\/ruderalflaechen.html<\/a><\/p>\n","protected":false},"excerpt":{"rendered":"<p>&#8230;sowohl innerhalb unserer St\u00e4dte, als auch auf dem Land. Pl\u00e4tze an denen sich Wild-Pflanzen ungehindert ausbreiten k\u00f6nnen und eine Vielfalt an Insekten m\u00f6glich ist! Kein Park, keine gestaltete Gr\u00fcnfl\u00e4che, sondern reine Natur. http:\/\/www.naturtipps.com\/ruderalflaechen.html<\/p>\n","protected":false},"author":1,"featured_media":0,"comment_status":"open","ping_status":"open","sticky":false,"template":"","format":"standard","meta":{"footnotes":""},"categories":[67,51,64],"tags":[],"jetpack_featured_media_url":"","_links":{"self":[{"href":"http:\/\/www.kunstgalerie-barbara.de\/blog\/wp-json\/wp\/v2\/posts\/15038"}],"collection":[{"href":"http:\/\/www.kunstgalerie-barbara.de\/blog\/wp-json\/wp\/v2\/posts"}],"about":[{"href":"http:\/\/www.kunstgalerie-barbara.de\/blog\/wp-json\/wp\/v2\/types\/post"}],"author":[{"embeddable":true,"href":"http:\/\/www.kunstgalerie-barbara.de\/blog\/wp-json\/wp\/v2\/users\/1"}],"replies":[{"embeddable":true,"href":"http:\/\/www.kunstgalerie-barbara.de\/blog\/wp-json\/wp\/v2\/comments?post=15038"}],"version-history":[{"count":1,"href":"http:\/\/www.kunstgalerie-barbara.de\/blog\/wp-json\/wp\/v2\/posts\/15038\/revisions"}],"predecessor-version":[{"id":15046,"href":"http:\/\/www.kunstgalerie-barbara.de\/blog\/wp-json\/wp\/v2\/posts\/15038\/revisions\/15046"}],"wp:attachment":[{"href":"http:\/\/www.kunstgalerie-barbara.de\/blog\/wp-json\/wp\/v2\/media?parent=15038"}],"wp:term":[{"taxonomy":"category","embeddable":true,"href":"http:\/\/www.kunstgalerie-barbara.de\/blog\/wp-json\/wp\/v2\/categories?post=15038"},{"taxonomy":"post_tag","embeddable":true,"href":"http:\/\/www.kunstgalerie-barbara.de\/blog\/wp-json\/wp\/v2\/tags?post=15038"}],"curies":[{"name":"wp","href":"https:\/\/api.w.org\/{rel}","templated":true}]}}