{"id":15059,"date":"2015-01-09T07:32:57","date_gmt":"2015-01-09T05:32:57","guid":{"rendered":"http:\/\/www.kunstgalerie-barbara.de\/blog\/?p=15059"},"modified":"2015-01-11T09:18:00","modified_gmt":"2015-01-11T07:18:00","slug":"antisemitisch-gewaelttaetig-frauenfeindlich","status":"publish","type":"post","link":"http:\/\/www.kunstgalerie-barbara.de\/blog\/2015\/01\/antisemitisch-gewaelttaetig-frauenfeindlich\/","title":{"rendered":"Antisemitisch, gew\u00e4ltt\u00e4tig, frauenfeindlich&#8230;"},"content":{"rendered":"<p><em>Gila Lustiger im Gespr\u00e4ch mit Jasper Barenberg<\/em><\/p>\n<figure id=\"attachment_15083\" aria-describedby=\"caption-attachment-15083\" style=\"width: 400px\" class=\"wp-caption aligncenter\"><a href=\"http:\/\/www.kunstgalerie-barbara.de\/blog\/wp-content\/uploads\/2015\/01\/7cac23a7d7239e07247ed0a6a3d938c7v1_max_800x600_b3535db83dc50e27c1bb1392364c95a2.jpg\"><img loading=\"lazy\" decoding=\"async\" class=\"wp-image-15083\" src=\"http:\/\/www.kunstgalerie-barbara.de\/blog\/wp-content\/uploads\/2015\/01\/7cac23a7d7239e07247ed0a6a3d938c7v1_max_800x600_b3535db83dc50e27c1bb1392364c95a2-300x225.jpg\" alt=\"7cac23a7d7239e07247ed0a6a3d938c7v1_max_800x600_b3535db83dc50e27c1bb1392364c95a2\" width=\"400\" height=\"300\" srcset=\"http:\/\/www.kunstgalerie-barbara.de\/blog\/wp-content\/uploads\/2015\/01\/7cac23a7d7239e07247ed0a6a3d938c7v1_max_800x600_b3535db83dc50e27c1bb1392364c95a2-300x225.jpg 300w, http:\/\/www.kunstgalerie-barbara.de\/blog\/wp-content\/uploads\/2015\/01\/7cac23a7d7239e07247ed0a6a3d938c7v1_max_800x600_b3535db83dc50e27c1bb1392364c95a2.jpg 800w\" sizes=\"(max-width: 400px) 100vw, 400px\" \/><\/a><figcaption id=\"caption-attachment-15083\" class=\"wp-caption-text\">Die Schriftstellerin Gila Lustiger (dpa \/ J\u00f6rg Carstensen)<\/figcaption><\/figure>\n<p><strong>Sie sind arbeitslos, f\u00fchlen sich in Frankreich nicht zugeh\u00f6rig und sind zur Gewalt bereit: Junge M\u00e4nner h\u00e4tten sich eine neue Identit\u00e4t geschaffen mit einer Art &#8220;Do-it-yourself-Islam&#8221;, der sehr gewaltt\u00e4tig, antisemitisch, frauenfeindlich und homophob sei, sagte die Schriftstellerin Gila Lustiger im DLF.<\/strong><!--more--><\/p>\n<p><strong>Christoph Heinemann:<\/strong> Die Schriftstellerin Gila Lustiger hat gestern an einer Demonstration auf der Pariser Place de la R\u00e9publique teilgenommen. Mein Kollege Jasper Barenberg hat sie gefragt, ob sie den Eindruck hatte, dass ihre Landsleute der Aufforderung des Pr\u00e4sidenten nach einem Schulterschluss gefolgt sind.<\/p>\n<p><strong>Gila Lustiger:<\/strong> Ich war nach dem Place de la R\u00e9publique in den Vierteln, in denen es einen Hauptanteil von Moslems gibt, und ich denke nicht, dass die Moslems in Barbes zum Beispiel dieses Attentat bef\u00fcrworten. Aber auf der Place de la R\u00e9publique hatten alle Schilder, &#8220;Je suis Charlie&#8221;, &#8220;Ich bin Charlie&#8221;, um einfach zu sagen, dass man mit diesem Attentat die Meinungsfreiheit und Frankreich und die Demokratie angreift, und diese Schilder habe ich dort nicht gesehen und ich glaube, ich habe sie dort nicht gesehen, weil die Moslems Angst haben. Sie haben Angst vor den Islamisten und es wird sich jetzt entscheiden, in den n\u00e4chsten Tagen &#8211; in den n\u00e4chsten Tagen gibt es Massendemonstrationen -, ob auch Moslems mitmarschieren, und sie m\u00fcssen es tun. Sonst hat Marine Le Pen &#8211; wir haben ja das Problem, dass wir hier Rechtsradikale haben, die immer mehr Stimmen gewinnen, und wenn die Moslems in Frankreich jetzt nicht auf die Stra\u00dfe gehen und sich solidarisieren mit der Demokratie und mit Frankreich und mit den Werten Frankreichs und weiterhin Angst haben vor den Salafisten, Dschihadisten, wenn sie sich jetzt nicht mit dem Staat solidarisieren, kriegt Marine Le Pen noch eine Riesenw\u00e4hlerschaft. Das ist das Drama und die Gefahr in Frankreich.<\/p>\n<p><strong>Jasper Barenberg:<\/strong> Und da haben Sie durchaus Sorgen, dass genau das passieren wird, dass die Gesellschaft auseinanderdriften wird, weiter auseinanderdriften wird m\u00f6glicherweise?<\/p>\n<p><strong>Lustiger:<\/strong> Ja, nat\u00fcrlich! &#8211; Nat\u00fcrlich! &#8211; Nat\u00fcrlich! Das ist die Gefahr hier.<br \/>\n<strong>&#8220;Diese M\u00e4nner sind eine Gefahr f\u00fcr die Demokratie&#8221;<\/strong><\/p>\n<figure id=\"attachment_15084\" aria-describedby=\"caption-attachment-15084\" style=\"width: 400px\" class=\"wp-caption aligncenter\"><a href=\"http:\/\/www.kunstgalerie-barbara.de\/blog\/wp-content\/uploads\/2015\/01\/5ac02915b4227b6882a86aecb430bcf7v2_abs_440x141_b3535db83dc50e27c1bb1392364c95a2.jpg\"><img loading=\"lazy\" decoding=\"async\" class=\"wp-image-15084\" src=\"http:\/\/www.kunstgalerie-barbara.de\/blog\/wp-content\/uploads\/2015\/01\/5ac02915b4227b6882a86aecb430bcf7v2_abs_440x141_b3535db83dc50e27c1bb1392364c95a2-300x96.jpg\" alt=\"&quot;Charlie Hebdo&quot; - der Anschlag, die Hintergr\u00fcnde und die Folgen im Deutschlandfunk.\" width=\"400\" height=\"128\" srcset=\"http:\/\/www.kunstgalerie-barbara.de\/blog\/wp-content\/uploads\/2015\/01\/5ac02915b4227b6882a86aecb430bcf7v2_abs_440x141_b3535db83dc50e27c1bb1392364c95a2-300x96.jpg 300w, http:\/\/www.kunstgalerie-barbara.de\/blog\/wp-content\/uploads\/2015\/01\/5ac02915b4227b6882a86aecb430bcf7v2_abs_440x141_b3535db83dc50e27c1bb1392364c95a2.jpg 440w\" sizes=\"(max-width: 400px) 100vw, 400px\" \/><\/a><figcaption id=\"caption-attachment-15084\" class=\"wp-caption-text\">&#8220;Charlie Hebdo&#8221; &#8211; der Anschlag, die Hintergr\u00fcnde und die Folgen im Deutschlandfunk.<\/figcaption><\/figure>\n<p><strong>Barenberg:<\/strong> Welche Eindr\u00fccke haben Sie denn dort sammeln k\u00f6nnen, wo Sie sagen, dass Sie sich auch dort umgeschaut haben, wo die Mehrheit der Menschen Muslime sind, m\u00f6glicherweise mit Einwanderungshintergrund?<\/p>\n<p><strong>Lustiger:<\/strong> In ein paar Wochen erscheint mein neues Buch und f\u00fcr dieses Buch habe ich zwei Jahre recherchiert. Ich war zwei Jahre in den Industriekleinst\u00e4dten, ich war in den Vororten mit hoher Arbeitslosigkeitsquote, ich war in den St\u00e4dten mit Migrationshintergrund, ich war bei der Polizei, ich habe mit Politologen gesprochen, mit Kleinkriminellen, mit Soziologen, mit Sozialarbeitern und mit Salafisten. Und das Profil dieser Salafisten ist immer das gleiche, und das ist eben so gef\u00e4hrlich. Das sind junge M\u00e4nner, arbeitslos, eine hohe Gewaltbereitschaft. Ihre Eltern kommen aus dem Maghreb oder aus Schwarzafrika. Sie sind aber in Frankreich geboren, hier aufgewachsen und erzogen worden und f\u00fchlen sich hier nicht zugeh\u00f6rig. Sie sind frustriert und sie haben sich diese neue Identit\u00e4t geschaffen mit einer Art &#8220;do it yourself Islam&#8221;, der sehr gewaltt\u00e4tig ist, antisemitisch ist, frauenfeindlich ist und homophob ist, und diese M\u00e4nner sind eine Gefahr f\u00fcr die Demokratie. Nicht, weil sie in der Mehrheit sind. Die meisten Moslems hier in Frankreich sind in der Demokratie aufgegangen. Wir haben ja hier fast zehn Prozent Moslems in Frankreich. Sie sind eine Gefahr, weil sie eben so gewaltt\u00e4tig sind.<\/p>\n<p><strong>Barenberg:<\/strong> Sie beschreiben das ja, Frau Listiger, als so eine Art Mischung zwischen Angst in der muslimischen Gemeinschaft vor der Furcht vor diesem radikalen islamistischen Fundamentalismus und einer Art von Anziehungskraft, die von ihm ausgeht. Ist das dieses Klima der Verunsicherung, von dem dieser Tage jetzt wieder so viel die Rede ist?<\/p>\n<p><strong>Lustiger:<\/strong> Sie haben eben das Integrationsmodell, das nicht aufgegangen ist. Sie haben viele frustrierte junge M\u00e4nner, die sich irgendwie ausgeschlossen f\u00fchlen, die sich missachtet f\u00fchlen, und sie propagieren einen radikalen Islam, der auch importiert wird von den Golf-Staaten. Das muss man mal sagen! Das ist kein Islam, der in Frankreich gewachsen ist. Jeder wei\u00df heute und das wird auch in der Presse thematisiert, wer diesen radikalen Islam finanziert. Das ist Katar, das ist Saudi-Arabien, und der w\u00e4chst in den Vororten und er ist sehr gef\u00e4hrlich, weil er die ganze Gesellschaft radikalisiert und auseinanderspaltet.<br \/>\n<strong>&#8220;Zivilgesellschaft muss Islamismus verurteilen&#8221;<\/strong><\/p>\n<p><strong>Barenberg:<\/strong> Sie haben vom Front National gesprochen, von Marine Le Pen. Marine Le Pen und der Front National macht Politik mit der Angst vor dem Islam, der Angst vor dem Fremden, und feiert einen Wahlsieg nach dem anderen. Jetzt haben Sie gesagt, unsere Reaktion im Moment ist Trauer, ist Sprachlosigkeit, Fassungslosigkeit. In welche Richtung muss sich die Reaktion ab jetzt denn ver\u00e4ndern und entwickeln, damit es nicht noch Wasser auf die M\u00fchlen des Front National ist?<\/p>\n<p><strong>Lustiger:<\/strong> Die Moslems in Frankreich, aber auch die Linke und die Rechte, also die Zivilgesellschaft muss den Islamismus verurteilen. Islam ist nicht gleich Islamismus. Es gibt Islamismus, es gibt radikalen Islamismus, Salafismus, Dschihadismus und es gibt den Islam, und diese Differenzierung zwischen Islam und Islamismus m\u00fcssen die Moslems machen, aber auch die Zivilgesellschaft, und man darf den Islamismus verurteilen, man muss ihn verurteilen, man muss gegen ihn vorgehen. Man muss da Wege finden, um diese jungen M\u00e4nner nicht diese Gesellschaft auseinanderspalten zu lassen. Das geht einfach nicht. Es ist einfach fatal, was sie heute gemacht haben.<br \/>\n<strong>&#8220;Front National hat sehr viele Stimmen gewonnen&#8221;<\/strong><\/p>\n<p><strong>Barenberg:<\/strong> Frau Lustiger, wie werden die reagieren, die den Islam auch schon gestern f\u00fcr eine Gefahr gehalten haben und sich heute auf sehr grausame Art best\u00e4tigt f\u00fchlen k\u00f6nnen?<\/p>\n<p><strong>Lustiger:<\/strong> Sie meinen die Front National W\u00e4hlerschaft? &#8211; Front National hat heute sehr viele Stimmen gewonnen und Front National hat heute sehr viele Stimmen gewonnen, weil eigentlich die Linken, also die Regierung, aber auch die Rechten eben diese Differenzierung zwischen Islam und Islamismus nicht machen, aus Angst, dass sie als Rassisten angesehen werden k\u00f6nnten. Und solange das nicht geschieht, wird Marine Le Pen W\u00e4hlerschaft bekommen. Wissen Sie, ich gebe Ihnen ein Beispiel, und ich sage Ihnen auch, warum ich zum Beispiel den Roman von Michel Houellebecq,&#8230;<\/p>\n<p><strong>Barenberg:<\/strong> \u201eUnterwerfung&#8221;, der heute erschienen ist.<\/p>\n<p><strong>Lustiger:<\/strong> Ja, warum ich ihn so fantastisch finde. Michel Houellebecq beschreibt eigentlich eine Realit\u00e4t, die ich in den Vororten schon gesehen habe. In den Vororten! Ich rede jetzt von Cr\u00e9teil, ich rede jetzt von Sarcelles, ich rede jetzt von Saint Denis, wo ich war. Dort kann zum Beispiel eine junge Frau, wenn sie ein gr\u00f6\u00dferes Dekollet\u00e9 hat und einen Rock &#8211; ich rede nicht vom Minirock, sondern bis Kniel\u00e4nge -, wenn sie so in Sarcelles, in gewissen Vierteln spazieren geht, wird sie angep\u00f6belt. Sie muss sich z\u00fcchtig anziehen, sie muss ihr Haar bedecken, und das sind Realit\u00e4ten in Frankreich. Das kann nicht angehen!<\/p>\n<p><strong>Heinemann:<\/strong> Die Schriftstellerin Gila Lustiger. Die Fragen stellte mein Kollege Jasper Barenberg.<\/p>\n<p><em>\u00c4u\u00dferungen unserer Gespr\u00e4chspartner geben deren eigene Auffassungen wieder. Der Deutschlandfunk macht sich \u00c4u\u00dferungen seiner Gespr\u00e4chspartner in Interviews und Diskussionen nicht zu eigen. <\/em><\/p>\n","protected":false},"excerpt":{"rendered":"<p>Gila Lustiger im Gespr\u00e4ch mit Jasper Barenberg Sie sind arbeitslos, f\u00fchlen sich in Frankreich nicht zugeh\u00f6rig und sind zur Gewalt bereit: Junge M\u00e4nner h\u00e4tten sich eine neue Identit\u00e4t geschaffen mit einer Art &#8220;Do-it-yourself-Islam&#8221;, der sehr gewaltt\u00e4tig, antisemitisch, frauenfeindlich und homophob sei, sagte die Schriftstellerin Gila Lustiger im DLF.<\/p>\n","protected":false},"author":1,"featured_media":0,"comment_status":"open","ping_status":"open","sticky":false,"template":"","format":"standard","meta":{"footnotes":""},"categories":[42,40,51],"tags":[],"jetpack_featured_media_url":"","_links":{"self":[{"href":"http:\/\/www.kunstgalerie-barbara.de\/blog\/wp-json\/wp\/v2\/posts\/15059"}],"collection":[{"href":"http:\/\/www.kunstgalerie-barbara.de\/blog\/wp-json\/wp\/v2\/posts"}],"about":[{"href":"http:\/\/www.kunstgalerie-barbara.de\/blog\/wp-json\/wp\/v2\/types\/post"}],"author":[{"embeddable":true,"href":"http:\/\/www.kunstgalerie-barbara.de\/blog\/wp-json\/wp\/v2\/users\/1"}],"replies":[{"embeddable":true,"href":"http:\/\/www.kunstgalerie-barbara.de\/blog\/wp-json\/wp\/v2\/comments?post=15059"}],"version-history":[{"count":1,"href":"http:\/\/www.kunstgalerie-barbara.de\/blog\/wp-json\/wp\/v2\/posts\/15059\/revisions"}],"predecessor-version":[{"id":15085,"href":"http:\/\/www.kunstgalerie-barbara.de\/blog\/wp-json\/wp\/v2\/posts\/15059\/revisions\/15085"}],"wp:attachment":[{"href":"http:\/\/www.kunstgalerie-barbara.de\/blog\/wp-json\/wp\/v2\/media?parent=15059"}],"wp:term":[{"taxonomy":"category","embeddable":true,"href":"http:\/\/www.kunstgalerie-barbara.de\/blog\/wp-json\/wp\/v2\/categories?post=15059"},{"taxonomy":"post_tag","embeddable":true,"href":"http:\/\/www.kunstgalerie-barbara.de\/blog\/wp-json\/wp\/v2\/tags?post=15059"}],"curies":[{"name":"wp","href":"https:\/\/api.w.org\/{rel}","templated":true}]}}