{"id":1506,"date":"2009-03-29T07:51:47","date_gmt":"2009-03-29T05:51:47","guid":{"rendered":"http:\/\/www.kunstgalerie-barbara.de\/blog\/?p=1506"},"modified":"2009-03-29T09:56:28","modified_gmt":"2009-03-29T07:56:28","slug":"der-angeknabberte-osterhase","status":"publish","type":"post","link":"http:\/\/www.kunstgalerie-barbara.de\/blog\/2009\/03\/der-angeknabberte-osterhase\/","title":{"rendered":"Der angeknabberte Osterhase"},"content":{"rendered":"<p>Eines Tages im Fr\u00c3\u00bchjahr sah ich etwas Kleines, Rundes, Pelziges in der d\u00c3\u00a4mmrigen Ecke unseres Hausflurs liegen. Ich ging zu dem kleinen wunderh\u00c3\u00bcbsch aussehenden Etwas und wollte es in die Hand nehmen. Ich lie\u00c3\u0178 es sofort wieder los; denn es hatte mich gestochen.<br \/>\nWeinend, ihr meinen h\u00c3\u00b6llisch schmerzenden Finger entgegenstreckend, lief ich zu meiner Mutter.<br \/>\nDie hatte ziemlich schnell begriffen, da\u00c3\u0178 es etwas &#8230;.<br \/>\nWeiter k\u00c3\u00b6nnen Sie die Geschichte in meinem Buch <strong><br \/>\nDie Katze in der roten Baskenm\u00c3\u00bctze<\/strong><em> lesen.<br \/>\nUm das Buch zu erstehen, bitte auf das entsprechende Cover rechts au\u00c3\u0178en klicken und Sie sind direkt bei Amazon.<\/p>\n","protected":false},"excerpt":{"rendered":"<p>Eines Tages im Fr\u00c3\u00bchjahr sah ich etwas Kleines, Rundes, Pelziges in der d\u00c3\u00a4mmrigen Ecke unseres Hausflurs liegen. Ich ging zu dem kleinen wunderh\u00c3\u00bcbsch aussehenden Etwas und wollte es in die Hand nehmen. Ich lie\u00c3\u0178 es sofort wieder los; denn es hatte mich gestochen. Weinend, ihr meinen h\u00c3\u00b6llisch schmerzenden Finger entgegenstreckend, lief ich zu meiner Mutter. Die hatte ziemlich schnell begriffen, da\u00c3\u0178 es etwas &#8230;. Weiter k\u00c3\u00b6nnen Sie die Geschichte in meinem Buch Die Katze in der roten Baskenm\u00c3\u00bctze lesen. Um das Buch zu erstehen, bitte auf das entsprechende Cover rechts au\u00c3\u0178en klicken und Sie sind direkt bei Amazon.<\/p>\n","protected":false},"author":1,"featured_media":0,"comment_status":"open","ping_status":"open","sticky":false,"template":"","format":"standard","meta":{"footnotes":""},"categories":[18],"tags":[],"jetpack_featured_media_url":"","_links":{"self":[{"href":"http:\/\/www.kunstgalerie-barbara.de\/blog\/wp-json\/wp\/v2\/posts\/1506"}],"collection":[{"href":"http:\/\/www.kunstgalerie-barbara.de\/blog\/wp-json\/wp\/v2\/posts"}],"about":[{"href":"http:\/\/www.kunstgalerie-barbara.de\/blog\/wp-json\/wp\/v2\/types\/post"}],"author":[{"embeddable":true,"href":"http:\/\/www.kunstgalerie-barbara.de\/blog\/wp-json\/wp\/v2\/users\/1"}],"replies":[{"embeddable":true,"href":"http:\/\/www.kunstgalerie-barbara.de\/blog\/wp-json\/wp\/v2\/comments?post=1506"}],"version-history":[{"count":1,"href":"http:\/\/www.kunstgalerie-barbara.de\/blog\/wp-json\/wp\/v2\/posts\/1506\/revisions"}],"predecessor-version":[{"id":1513,"href":"http:\/\/www.kunstgalerie-barbara.de\/blog\/wp-json\/wp\/v2\/posts\/1506\/revisions\/1513"}],"wp:attachment":[{"href":"http:\/\/www.kunstgalerie-barbara.de\/blog\/wp-json\/wp\/v2\/media?parent=1506"}],"wp:term":[{"taxonomy":"category","embeddable":true,"href":"http:\/\/www.kunstgalerie-barbara.de\/blog\/wp-json\/wp\/v2\/categories?post=1506"},{"taxonomy":"post_tag","embeddable":true,"href":"http:\/\/www.kunstgalerie-barbara.de\/blog\/wp-json\/wp\/v2\/tags?post=1506"}],"curies":[{"name":"wp","href":"https:\/\/api.w.org\/{rel}","templated":true}]}}