{"id":15061,"date":"2015-01-10T06:54:12","date_gmt":"2015-01-10T04:54:12","guid":{"rendered":"http:\/\/www.kunstgalerie-barbara.de\/blog\/?p=15061"},"modified":"2015-01-11T09:08:44","modified_gmt":"2015-01-11T07:08:44","slug":"dem-islamistischem-terror-ist-nicht-mit-toleranz-dem-andersglaeubigen-gegenueber-beizukommen","status":"publish","type":"post","link":"http:\/\/www.kunstgalerie-barbara.de\/blog\/2015\/01\/dem-islamistischem-terror-ist-nicht-mit-toleranz-dem-andersglaeubigen-gegenueber-beizukommen\/","title":{"rendered":"Dem islamistischem Terror ist nicht mit Toleranz dem Andersgl\u00e4ubigen gegen\u00fcber beizukommen&#8230;"},"content":{"rendered":"<p>Wir haben sehr viel vers\u00e4umt, aber vor allem dies: Rechtzeitig Grenzen zu setzen!<\/p>\n","protected":false},"excerpt":{"rendered":"<p>Wir haben sehr viel vers\u00e4umt, aber vor allem dies: Rechtzeitig Grenzen zu setzen!<\/p>\n","protected":false},"author":1,"featured_media":0,"comment_status":"open","ping_status":"open","sticky":false,"template":"","format":"standard","meta":{"footnotes":""},"categories":[42,40,51],"tags":[],"jetpack_featured_media_url":"","_links":{"self":[{"href":"http:\/\/www.kunstgalerie-barbara.de\/blog\/wp-json\/wp\/v2\/posts\/15061"}],"collection":[{"href":"http:\/\/www.kunstgalerie-barbara.de\/blog\/wp-json\/wp\/v2\/posts"}],"about":[{"href":"http:\/\/www.kunstgalerie-barbara.de\/blog\/wp-json\/wp\/v2\/types\/post"}],"author":[{"embeddable":true,"href":"http:\/\/www.kunstgalerie-barbara.de\/blog\/wp-json\/wp\/v2\/users\/1"}],"replies":[{"embeddable":true,"href":"http:\/\/www.kunstgalerie-barbara.de\/blog\/wp-json\/wp\/v2\/comments?post=15061"}],"version-history":[{"count":1,"href":"http:\/\/www.kunstgalerie-barbara.de\/blog\/wp-json\/wp\/v2\/posts\/15061\/revisions"}],"predecessor-version":[{"id":15081,"href":"http:\/\/www.kunstgalerie-barbara.de\/blog\/wp-json\/wp\/v2\/posts\/15061\/revisions\/15081"}],"wp:attachment":[{"href":"http:\/\/www.kunstgalerie-barbara.de\/blog\/wp-json\/wp\/v2\/media?parent=15061"}],"wp:term":[{"taxonomy":"category","embeddable":true,"href":"http:\/\/www.kunstgalerie-barbara.de\/blog\/wp-json\/wp\/v2\/categories?post=15061"},{"taxonomy":"post_tag","embeddable":true,"href":"http:\/\/www.kunstgalerie-barbara.de\/blog\/wp-json\/wp\/v2\/tags?post=15061"}],"curies":[{"name":"wp","href":"https:\/\/api.w.org\/{rel}","templated":true}]}}