{"id":15163,"date":"2015-01-24T08:05:14","date_gmt":"2015-01-24T06:05:14","guid":{"rendered":"http:\/\/www.kunstgalerie-barbara.de\/blog\/?p=15163"},"modified":"2015-01-24T08:07:04","modified_gmt":"2015-01-24T06:07:04","slug":"rabenwinter","status":"publish","type":"post","link":"http:\/\/www.kunstgalerie-barbara.de\/blog\/2015\/01\/rabenwinter\/","title":{"rendered":"Kr\u00e4henv\u00f6gel&#8230;"},"content":{"rendered":"<p style=\"text-align: center;\"><a href=\"http:\/\/www.kunstgalerie-barbara.de\/blog\/wp-content\/uploads\/2015\/01\/P1610874-Kopie.jpg\"><img loading=\"lazy\" decoding=\"async\" class=\"aligncenter wp-image-15164 size-full\" src=\"http:\/\/www.kunstgalerie-barbara.de\/blog\/wp-content\/uploads\/2015\/01\/P1610874-Kopie.jpg\" alt=\"P1610874 Kopie\" width=\"480\" height=\"269\" srcset=\"http:\/\/www.kunstgalerie-barbara.de\/blog\/wp-content\/uploads\/2015\/01\/P1610874-Kopie.jpg 480w, http:\/\/www.kunstgalerie-barbara.de\/blog\/wp-content\/uploads\/2015\/01\/P1610874-Kopie-300x168.jpg 300w\" sizes=\"(max-width: 480px) 100vw, 480px\" \/><\/a>&#8230; sind au\u00dferordentlich robust und wahre \u00dcberlebensk\u00fcnster, um die wir uns auch in harten Wintern bestimmt keine Sorgen machen m\u00fcssen!<\/p>\n","protected":false},"excerpt":{"rendered":"<p>&#8230; sind au\u00dferordentlich robust und wahre \u00dcberlebensk\u00fcnster, um die wir uns auch in harten Wintern bestimmt keine Sorgen machen m\u00fcssen!<\/p>\n","protected":false},"author":1,"featured_media":0,"comment_status":"open","ping_status":"open","sticky":false,"template":"","format":"standard","meta":{"footnotes":""},"categories":[19,67,51,64],"tags":[],"jetpack_featured_media_url":"","_links":{"self":[{"href":"http:\/\/www.kunstgalerie-barbara.de\/blog\/wp-json\/wp\/v2\/posts\/15163"}],"collection":[{"href":"http:\/\/www.kunstgalerie-barbara.de\/blog\/wp-json\/wp\/v2\/posts"}],"about":[{"href":"http:\/\/www.kunstgalerie-barbara.de\/blog\/wp-json\/wp\/v2\/types\/post"}],"author":[{"embeddable":true,"href":"http:\/\/www.kunstgalerie-barbara.de\/blog\/wp-json\/wp\/v2\/users\/1"}],"replies":[{"embeddable":true,"href":"http:\/\/www.kunstgalerie-barbara.de\/blog\/wp-json\/wp\/v2\/comments?post=15163"}],"version-history":[{"count":1,"href":"http:\/\/www.kunstgalerie-barbara.de\/blog\/wp-json\/wp\/v2\/posts\/15163\/revisions"}],"predecessor-version":[{"id":15167,"href":"http:\/\/www.kunstgalerie-barbara.de\/blog\/wp-json\/wp\/v2\/posts\/15163\/revisions\/15167"}],"wp:attachment":[{"href":"http:\/\/www.kunstgalerie-barbara.de\/blog\/wp-json\/wp\/v2\/media?parent=15163"}],"wp:term":[{"taxonomy":"category","embeddable":true,"href":"http:\/\/www.kunstgalerie-barbara.de\/blog\/wp-json\/wp\/v2\/categories?post=15163"},{"taxonomy":"post_tag","embeddable":true,"href":"http:\/\/www.kunstgalerie-barbara.de\/blog\/wp-json\/wp\/v2\/tags?post=15163"}],"curies":[{"name":"wp","href":"https:\/\/api.w.org\/{rel}","templated":true}]}}