{"id":15242,"date":"2015-02-04T07:44:24","date_gmt":"2015-02-04T05:44:24","guid":{"rendered":"http:\/\/www.kunstgalerie-barbara.de\/blog\/?p=15242"},"modified":"2015-02-04T07:45:06","modified_gmt":"2015-02-04T05:45:06","slug":"gregor-gysi-die-kanzlerin-und-der-bundesaussenminister-haben-erklaert-dass-sie-davon-ueberzeugt-sind-dass-der-konflikt-in-der-ukraine-nicht-militaerisch-zu-loesen-ist-wenn-das-stimmt-muss-das-auc","status":"publish","type":"post","link":"http:\/\/www.kunstgalerie-barbara.de\/blog\/2015\/02\/gregor-gysi-die-kanzlerin-und-der-bundesaussenminister-haben-erklaert-dass-sie-davon-ueberzeugt-sind-dass-der-konflikt-in-der-ukraine-nicht-militaerisch-zu-loesen-ist-wenn-das-stimmt-muss-das-auc\/","title":{"rendered":"Gregor Gysi: Die Kanzlerin und der Bundesau\u00dfenminister haben erkl\u00e4rt, dass sie davon \u00fcberzeugt sind, dass der Konflikt in der Ukraine nicht milit\u00e4risch zu l\u00f6sen ist. Wenn das stimmt, muss das auch ihre Haltung gegen\u00fcber der US-Regierung sein, wenn die jetzt ernsthaft dar\u00fcber nachdenkt, Waffen an die Ukraine zu liefern. Das w\u00e4re deshalb furchtbar, weil es nicht nur eine weitere Eskalation bedeutete, sondern letztlich zu einem Stellvertreterkrieg Russlands und der USA in der Ukraine f\u00fchren k\u00f6nnte. Etwas, was sich Europa und auch die Welt nicht leisten kann. Deshalb m\u00fcssen solche \u00dcberlegungen einer neuen Eskalationsstufe zur\u00fcckgewiesen werden."},"content":{"rendered":"","protected":false},"excerpt":{"rendered":"","protected":false},"author":1,"featured_media":0,"comment_status":"open","ping_status":"open","sticky":false,"template":"","format":"standard","meta":{"footnotes":""},"categories":[40],"tags":[],"jetpack_featured_media_url":"","_links":{"self":[{"href":"http:\/\/www.kunstgalerie-barbara.de\/blog\/wp-json\/wp\/v2\/posts\/15242"}],"collection":[{"href":"http:\/\/www.kunstgalerie-barbara.de\/blog\/wp-json\/wp\/v2\/posts"}],"about":[{"href":"http:\/\/www.kunstgalerie-barbara.de\/blog\/wp-json\/wp\/v2\/types\/post"}],"author":[{"embeddable":true,"href":"http:\/\/www.kunstgalerie-barbara.de\/blog\/wp-json\/wp\/v2\/users\/1"}],"replies":[{"embeddable":true,"href":"http:\/\/www.kunstgalerie-barbara.de\/blog\/wp-json\/wp\/v2\/comments?post=15242"}],"version-history":[{"count":1,"href":"http:\/\/www.kunstgalerie-barbara.de\/blog\/wp-json\/wp\/v2\/posts\/15242\/revisions"}],"predecessor-version":[{"id":15244,"href":"http:\/\/www.kunstgalerie-barbara.de\/blog\/wp-json\/wp\/v2\/posts\/15242\/revisions\/15244"}],"wp:attachment":[{"href":"http:\/\/www.kunstgalerie-barbara.de\/blog\/wp-json\/wp\/v2\/media?parent=15242"}],"wp:term":[{"taxonomy":"category","embeddable":true,"href":"http:\/\/www.kunstgalerie-barbara.de\/blog\/wp-json\/wp\/v2\/categories?post=15242"},{"taxonomy":"post_tag","embeddable":true,"href":"http:\/\/www.kunstgalerie-barbara.de\/blog\/wp-json\/wp\/v2\/tags?post=15242"}],"curies":[{"name":"wp","href":"https:\/\/api.w.org\/{rel}","templated":true}]}}