{"id":15258,"date":"2015-02-06T06:41:29","date_gmt":"2015-02-06T04:41:29","guid":{"rendered":"http:\/\/www.kunstgalerie-barbara.de\/blog\/?p=15258"},"modified":"2015-02-06T06:41:29","modified_gmt":"2015-02-06T04:41:29","slug":"es-gibt-entschieden-zu-viel-maenner-in-der-politik-vor-allem-an-den-entscheidenen-stellen-dieses-staendige-aufpumpen-brustgeklopfe-und-saebelrasseln-wuerde-dann-wegfallen-und-wir-koennten-uns-endli","status":"publish","type":"post","link":"http:\/\/www.kunstgalerie-barbara.de\/blog\/2015\/02\/es-gibt-entschieden-zu-viel-maenner-in-der-politik-vor-allem-an-den-entscheidenen-stellen-dieses-staendige-aufpumpen-brustgeklopfe-und-saebelrasseln-wuerde-dann-wegfallen-und-wir-koennten-uns-endli\/","title":{"rendered":"Es gibt entschieden zu viel M\u00e4nner in der Politik, vor allem an den entscheidenen Stellen! Dieses st\u00e4ndige Aufpumpen, Brustgeklopfe und S\u00e4belrasseln w\u00fcrde dann wegfallen und wir k\u00f6nnten uns endlich mit den wesentlichen Dingen befassen!"},"content":{"rendered":"","protected":false},"excerpt":{"rendered":"","protected":false},"author":1,"featured_media":0,"comment_status":"open","ping_status":"open","sticky":false,"template":"","format":"standard","meta":{"footnotes":""},"categories":[42,40,51],"tags":[],"jetpack_featured_media_url":"","_links":{"self":[{"href":"http:\/\/www.kunstgalerie-barbara.de\/blog\/wp-json\/wp\/v2\/posts\/15258"}],"collection":[{"href":"http:\/\/www.kunstgalerie-barbara.de\/blog\/wp-json\/wp\/v2\/posts"}],"about":[{"href":"http:\/\/www.kunstgalerie-barbara.de\/blog\/wp-json\/wp\/v2\/types\/post"}],"author":[{"embeddable":true,"href":"http:\/\/www.kunstgalerie-barbara.de\/blog\/wp-json\/wp\/v2\/users\/1"}],"replies":[{"embeddable":true,"href":"http:\/\/www.kunstgalerie-barbara.de\/blog\/wp-json\/wp\/v2\/comments?post=15258"}],"version-history":[{"count":1,"href":"http:\/\/www.kunstgalerie-barbara.de\/blog\/wp-json\/wp\/v2\/posts\/15258\/revisions"}],"predecessor-version":[{"id":15260,"href":"http:\/\/www.kunstgalerie-barbara.de\/blog\/wp-json\/wp\/v2\/posts\/15258\/revisions\/15260"}],"wp:attachment":[{"href":"http:\/\/www.kunstgalerie-barbara.de\/blog\/wp-json\/wp\/v2\/media?parent=15258"}],"wp:term":[{"taxonomy":"category","embeddable":true,"href":"http:\/\/www.kunstgalerie-barbara.de\/blog\/wp-json\/wp\/v2\/categories?post=15258"},{"taxonomy":"post_tag","embeddable":true,"href":"http:\/\/www.kunstgalerie-barbara.de\/blog\/wp-json\/wp\/v2\/tags?post=15258"}],"curies":[{"name":"wp","href":"https:\/\/api.w.org\/{rel}","templated":true}]}}