{"id":15280,"date":"2015-02-10T06:39:01","date_gmt":"2015-02-10T04:39:01","guid":{"rendered":"http:\/\/www.kunstgalerie-barbara.de\/blog\/?p=15280"},"modified":"2015-02-10T06:39:01","modified_gmt":"2015-02-10T04:39:01","slug":"niemand-sollte-fuer-mode-sterben-muessen","status":"publish","type":"post","link":"http:\/\/www.kunstgalerie-barbara.de\/blog\/2015\/02\/niemand-sollte-fuer-mode-sterben-muessen\/","title":{"rendered":"Niemand sollte f\u00fcr Mode sterben m\u00fcssen&#8230;"},"content":{"rendered":"<div id=\"js_1m\" class=\"_5pbx userContent\" data-ft=\"{&quot;tn&quot;:&quot;K&quot;}\">\n<p>Wir fordern mit unseren Partnern seit langem, dass <a id=\"js_2b\" class=\"profileLink\" href=\"https:\/\/www.facebook.com\/pages\/UNITED-COLORS-OF-BENETTON\/195779023766383\" data-hovercard=\"\/ajax\/hovercard\/page.php?id=195779023766383\">UNITED COLORS OF BENETTON<\/a> endlich die Opfer von Rana Plaza angemessen entsch\u00e4digen muss. Nun hat sich auch <a class=\"profileLink\" href=\"https:\/\/apps.facebook.com\/avaaz-org\/\" rel=\"nofollow\" data-hovercard=\"\/ajax\/hovercard\/application.php?id=50824532548\">Avaaz.org<\/a> unserem Kampf angeschlossen. Beteiligt euch! Danke f\u00fcr eure Unterst\u00fctzung!<\/p>\n<\/div>\n<div>\n<div data-ft=\"{&quot;tn&quot;:&quot;H&quot;}\">\n<div class=\"mtm\">\n<div id=\"u_jsonp_3_7\" class=\"_6m2 _1zpr clearfix _dcs _4_w4 _59ap _2ec0\" data-ft=\"{&quot;tn&quot;:&quot;H&quot;}\">\n<div class=\"clearfix _2r3x\">\n<div class=\"lfloat _ohe\">\n<div class=\"_6ks\">\n<div class=\"_6l- __c_\">\n<div class=\"uiScaledImageContainer _6m5 fbStoryAttachmentImage\"><img loading=\"lazy\" decoding=\"async\" class=\"scaledImageFitWidth img\" src=\"https:\/\/fbexternal-a.akamaihd.net\/safe_image.php?d=AQCyUlAA8GoKK_5n&amp;w=470&amp;h=246&amp;url=http%3A%2F%2Fs3.amazonaws.com%2Favaaz_images%2F14269_14269_bangladesh_0_900x450.jpg&amp;cfs=1&amp;upscale=1&amp;sx=20&amp;sy=0&amp;sw=860&amp;sh=450\" alt=\"\" width=\"470\" height=\"246\" \/><\/div>\n<\/div>\n<\/div>\n<div class=\"_3ekx\">\n<div class=\"_6m3\">\n<div class=\"mbs _6m6\"><a href=\"https:\/\/www.facebook.com\/l.php?u=https%3A%2F%2Fsecure.avaaz.org%2Fde%2Fbenetton_pay_up_loc%2F%3Fslideshow&amp;h=-AQGrgF5R&amp;s=1\" target=\"_blank\" rel=\"nofollow\">Niemand sollte Mode mit dem Leben bezahlen<\/a><\/div>\n<div class=\"_6ma\">\n<div class=\"_6m7\">Als eine 8-st\u00f6ckige Textilfabrik einst\u00fcrzte, wurden Tausende von Textilarbeitern lebendig begraben. Sie stellten Kleidung f\u00fcr einige der weltgr\u00f6\u00dften Marken her &#8212; Benetton hat eindeutige Verbindungen zu der Fabrik, weigert sich aber&#8230;<\/div>\n<div class=\"_59tj\">\n<div class=\"_6lz _6mb ellipsis\">secure.avaaz.org<\/div>\n<\/div>\n<\/div>\n<\/div>\n<\/div>\n<\/div>\n<\/div>\n<\/div>\n<\/div>\n<\/div>\n<\/div>\n","protected":false},"excerpt":{"rendered":"<p>Wir fordern mit unseren Partnern seit langem, dass UNITED COLORS OF BENETTON endlich die Opfer von Rana Plaza angemessen entsch\u00e4digen muss. Nun hat sich auch Avaaz.org unserem Kampf angeschlossen. Beteiligt euch! Danke f\u00fcr eure Unterst\u00fctzung! Niemand sollte Mode mit dem Leben bezahlen Als eine 8-st\u00f6ckige Textilfabrik einst\u00fcrzte, wurden Tausende von Textilarbeitern lebendig begraben. Sie stellten Kleidung f\u00fcr einige der weltgr\u00f6\u00dften Marken her &#8212; Benetton hat eindeutige Verbindungen zu der Fabrik, weigert sich aber&#8230; secure.avaaz.org<\/p>\n","protected":false},"author":1,"featured_media":0,"comment_status":"open","ping_status":"open","sticky":false,"template":"","format":"standard","meta":{"footnotes":""},"categories":[42,40,51,64],"tags":[],"jetpack_featured_media_url":"","_links":{"self":[{"href":"http:\/\/www.kunstgalerie-barbara.de\/blog\/wp-json\/wp\/v2\/posts\/15280"}],"collection":[{"href":"http:\/\/www.kunstgalerie-barbara.de\/blog\/wp-json\/wp\/v2\/posts"}],"about":[{"href":"http:\/\/www.kunstgalerie-barbara.de\/blog\/wp-json\/wp\/v2\/types\/post"}],"author":[{"embeddable":true,"href":"http:\/\/www.kunstgalerie-barbara.de\/blog\/wp-json\/wp\/v2\/users\/1"}],"replies":[{"embeddable":true,"href":"http:\/\/www.kunstgalerie-barbara.de\/blog\/wp-json\/wp\/v2\/comments?post=15280"}],"version-history":[{"count":1,"href":"http:\/\/www.kunstgalerie-barbara.de\/blog\/wp-json\/wp\/v2\/posts\/15280\/revisions"}],"predecessor-version":[{"id":15281,"href":"http:\/\/www.kunstgalerie-barbara.de\/blog\/wp-json\/wp\/v2\/posts\/15280\/revisions\/15281"}],"wp:attachment":[{"href":"http:\/\/www.kunstgalerie-barbara.de\/blog\/wp-json\/wp\/v2\/media?parent=15280"}],"wp:term":[{"taxonomy":"category","embeddable":true,"href":"http:\/\/www.kunstgalerie-barbara.de\/blog\/wp-json\/wp\/v2\/categories?post=15280"},{"taxonomy":"post_tag","embeddable":true,"href":"http:\/\/www.kunstgalerie-barbara.de\/blog\/wp-json\/wp\/v2\/tags?post=15280"}],"curies":[{"name":"wp","href":"https:\/\/api.w.org\/{rel}","templated":true}]}}