{"id":15355,"date":"2015-02-27T07:09:47","date_gmt":"2015-02-27T05:09:47","guid":{"rendered":"http:\/\/www.kunstgalerie-barbara.de\/blog\/?p=15355"},"modified":"2015-02-27T18:45:52","modified_gmt":"2015-02-27T16:45:52","slug":"es-reicht-schon-sich-in-haustiere-so-auch-schweine-hineinzuversetzen-um-zu-ahnen-dass-sie-aehnlich-wie-der-mensch-fuehlen","status":"publish","type":"post","link":"http:\/\/www.kunstgalerie-barbara.de\/blog\/2015\/02\/es-reicht-schon-sich-in-haustiere-so-auch-schweine-hineinzuversetzen-um-zu-ahnen-dass-sie-aehnlich-wie-der-mensch-fuehlen\/","title":{"rendered":"Um zu wissen, da\u00df Schweine  \u00e4hnlich wie wir Menschen f\u00fchlen&#8230;"},"content":{"rendered":"<p><a href=\"http:\/\/www.kunstgalerie-barbara.de\/blog\/wp-content\/uploads\/2015\/02\/P1370020-Kopie.jpg\"><img loading=\"lazy\" decoding=\"async\" class=\"aligncenter wp-image-15357 size-full\" src=\"http:\/\/www.kunstgalerie-barbara.de\/blog\/wp-content\/uploads\/2015\/02\/P1370020-Kopie.jpg\" alt=\"P1370020 Kopie\" width=\"470\" height=\"313\" srcset=\"http:\/\/www.kunstgalerie-barbara.de\/blog\/wp-content\/uploads\/2015\/02\/P1370020-Kopie.jpg 470w, http:\/\/www.kunstgalerie-barbara.de\/blog\/wp-content\/uploads\/2015\/02\/P1370020-Kopie-300x200.jpg 300w\" sizes=\"(max-width: 470px) 100vw, 470px\" \/><\/a>&#8230;dazu bedarf es nicht wirklich irgendwelcher komplizierter Forschungsprogamme!<br \/>\nDen Menschen, die mit Haustier Schwein zusammenleben, ist v\u00f6llig klar, da\u00df ein jedes einen unverwechselbaren Charakter hat, dazu geh\u00f6rt, mehr oder weniger Intelligenz, Empfindsamkeit, Durchsetzungsverm\u00f6gen, Mitgef\u00fchl, Gemeinschaftssinn, Fairness ect.<br \/>\nAlle Atribute \u00fcbrigens, die auch auf Menschen zutreffen sollten, es aber es nicht zwangsl\u00e4ufig auch tun!<br \/>\nDer Mensch wei\u00df darum, seit er sich Schweine h\u00e4lt, um sie sich irgendwann einzuverleiben! Und genau dies ist das Riesenproblem dabei , er ger\u00e4t in einen Zwiespalt , wenn er zugibt, da\u00df der Grunzer mit der Steckdosennase ihm zu \u00e4hnlich ist. Das geht n\u00e4mlich garnicht. \u00c4hnliches kann, darf man nicht essen. Das w\u00e4re ja beinahe Kanibalismus, nicht wahr?<br \/>\nAlso wird Schwein, Schaf, Rind zum gef\u00fchllosen, d\u00e4mlichen minderwertigen Gesch\u00f6pf degradiert, damit Mensch vor sich selber sagen kann, er hat keinen Mord begangen, er darf es t\u00f6ten um es zu verspeisen!<\/p>\n","protected":false},"excerpt":{"rendered":"<p>&#8230;dazu bedarf es nicht wirklich irgendwelcher komplizierter Forschungsprogamme! Den Menschen, die mit Haustier Schwein zusammenleben, ist v\u00f6llig klar, da\u00df ein jedes einen unverwechselbaren Charakter hat, dazu geh\u00f6rt, mehr oder weniger Intelligenz, Empfindsamkeit, Durchsetzungsverm\u00f6gen, Mitgef\u00fchl, Gemeinschaftssinn, Fairness ect. Alle Atribute \u00fcbrigens, die auch auf Menschen zutreffen sollten, es aber es nicht zwangsl\u00e4ufig auch tun! Der Mensch wei\u00df darum, seit er sich Schweine h\u00e4lt, um sie sich irgendwann einzuverleiben! Und genau dies ist das Riesenproblem dabei , er ger\u00e4t in einen Zwiespalt , wenn er zugibt, da\u00df der Grunzer mit der Steckdosennase ihm zu \u00e4hnlich ist. Das geht n\u00e4mlich garnicht. \u00c4hnliches kann, darf man nicht essen. Das w\u00e4re ja beinahe Kanibalismus, nicht wahr? Also wird Schwein, Schaf, Rind zum gef\u00fchllosen, d\u00e4mlichen minderwertigen Gesch\u00f6pf degradiert, damit Mensch vor sich selber sagen kann, er hat keinen Mord begangen, er darf es t\u00f6ten um es zu verspeisen!<\/p>\n","protected":false},"author":1,"featured_media":0,"comment_status":"open","ping_status":"open","sticky":false,"template":"","format":"standard","meta":{"footnotes":""},"categories":[67,71,64],"tags":[],"jetpack_featured_media_url":"","_links":{"self":[{"href":"http:\/\/www.kunstgalerie-barbara.de\/blog\/wp-json\/wp\/v2\/posts\/15355"}],"collection":[{"href":"http:\/\/www.kunstgalerie-barbara.de\/blog\/wp-json\/wp\/v2\/posts"}],"about":[{"href":"http:\/\/www.kunstgalerie-barbara.de\/blog\/wp-json\/wp\/v2\/types\/post"}],"author":[{"embeddable":true,"href":"http:\/\/www.kunstgalerie-barbara.de\/blog\/wp-json\/wp\/v2\/users\/1"}],"replies":[{"embeddable":true,"href":"http:\/\/www.kunstgalerie-barbara.de\/blog\/wp-json\/wp\/v2\/comments?post=15355"}],"version-history":[{"count":1,"href":"http:\/\/www.kunstgalerie-barbara.de\/blog\/wp-json\/wp\/v2\/posts\/15355\/revisions"}],"predecessor-version":[{"id":15363,"href":"http:\/\/www.kunstgalerie-barbara.de\/blog\/wp-json\/wp\/v2\/posts\/15355\/revisions\/15363"}],"wp:attachment":[{"href":"http:\/\/www.kunstgalerie-barbara.de\/blog\/wp-json\/wp\/v2\/media?parent=15355"}],"wp:term":[{"taxonomy":"category","embeddable":true,"href":"http:\/\/www.kunstgalerie-barbara.de\/blog\/wp-json\/wp\/v2\/categories?post=15355"},{"taxonomy":"post_tag","embeddable":true,"href":"http:\/\/www.kunstgalerie-barbara.de\/blog\/wp-json\/wp\/v2\/tags?post=15355"}],"curies":[{"name":"wp","href":"https:\/\/api.w.org\/{rel}","templated":true}]}}