{"id":15384,"date":"2015-03-05T07:30:00","date_gmt":"2015-03-05T05:30:00","guid":{"rendered":"http:\/\/www.kunstgalerie-barbara.de\/blog\/?p=15384"},"modified":"2015-03-05T07:30:00","modified_gmt":"2015-03-05T05:30:00","slug":"die-eu-erlaubt-ihren-mitgliedsstaaten-gentechnik-auf-ihren-feldern-zu-verbieten-ein-erfolg-unseres-jahrelangen-engagements","status":"publish","type":"post","link":"http:\/\/www.kunstgalerie-barbara.de\/blog\/2015\/03\/die-eu-erlaubt-ihren-mitgliedsstaaten-gentechnik-auf-ihren-feldern-zu-verbieten-ein-erfolg-unseres-jahrelangen-engagements\/","title":{"rendered":"Die EU erlaubt ihren Mitgliedsstaaten, Gentechnik auf ihren Feldern zu verbieten \u2013 ein Erfolg unseres jahrelangen Engagements"},"content":{"rendered":"<div class=\"_5pbx userContent\" data-ft=\"{&quot;tn&quot;:&quot;K&quot;}\">\n<p>Zitat Campact:<br \/>\n&#8220;. Doch Agrarminister Christian Schmidt ist dabei, diese riesige Chance zu verspielen: Geht es nach seinem Gesetzesvorschlag, sollen k\u00fcnftig die Bundesl\u00e4nder \u2013 und nicht die Bundesregierung \u2013 \u00fcber ein Gentechnik-Verbot entscheiden.<\/p>\n<p>Damit eine Gen-Sorte in Deutschland nicht auf die Felder kommt, br\u00e4uchte es dann 16 erfolgreiche Verbotsverfahren. Bayer, Monsanto und Co. k\u00f6nnten sie alle vor Gericht anfechten. Das w\u00fcrde den Konzernen gefallen, Gentechnik w\u00e4re kaum noch zu stoppen.<\/p>\n<p>Schon am 19. M\u00e4rz will Schmidt den Entwurf mit seinen Landes-Kolleg\/innen bei der Agrarministerkonferenz diskutieren. Etliche haben sich bereits gegen die Pl\u00e4ne ausgesprochen. Andere schwanken noch. Diese Wackelkandidaten bilden in diesen Tagen ihre Meinung. Um ihnen zu zeigen, dass wir B\u00fcrger\/innen nur ein bundesweites Gentechnik-Verbot akzeptieren, m\u00f6chten wir ihnen 200.000 Unterschriften \u00fcbergeben. Denn wenn die L\u00e4nder Schmidt \u00fcbern\u00e4chste Woche geschlossen die Stirn bieten, wird er von seinem Vorhaben ablassen&#8221;<\/p>\n<p>Ich geh jetzt unterschreiben:<\/p>\n<p><a href=\"https:\/\/www.campact.de\/gentechnik-verbot\/bundesweit\/teilnehmen\/?utm_campaign=%2Fgentechnik-verbot%2F&amp;utm_term=link-1&amp;utm_medium=Email&amp;utm_source=%2Fgentechnik-verbot%2Fbundesweit%2F&amp;utm_content=random-a&amp;_mv=5ePu2olQmwZkawqR7Ik00U\" target=\"_blank\" rel=\"nofollow\">https:\/\/www.campact.de\/gentechnik-v\u2026\/bundesweit\/teilnehmen\/\u2026<\/a><\/p>\n<\/div>\n<div>\n<div data-ft=\"{&quot;tn&quot;:&quot;H&quot;}\">\n<div class=\"mtm\">\n<div id=\"u_jsonp_3_6\" class=\"_6m2 _1zpr clearfix _dcs _4_w4 _59ap _2ec0\" data-ft=\"{&quot;tn&quot;:&quot;H&quot;}\">\n<div class=\"clearfix _2r3x\">\n<div class=\"lfloat _ohe\">\n<div class=\"_6ks\">\n<div class=\"_6l- __c_\">\n<div class=\"uiScaledImageContainer _6m5 fbStoryAttachmentImage\"><img loading=\"lazy\" decoding=\"async\" class=\"scaledImageFitWidth img\" src=\"https:\/\/fbexternal-a.akamaihd.net\/safe_image.php?d=AQCrwShyPNwmsS3b&amp;w=470&amp;h=246&amp;url=https%3A%2F%2Fwww.campact.de%2Fmedia%2Fi%2F6024ad86888423a88ae94e9bc6f484d0.jpg&amp;cfs=1&amp;upscale=1\" alt=\"\" width=\"470\" height=\"246\" \/><\/div>\n<\/div>\n<\/div>\n<div class=\"_3ekx\">\n<div class=\"_6m3\">\n<div class=\"mbs _6m6\"><a href=\"https:\/\/www.facebook.com\/l.php?u=https%3A%2F%2Fwww.campact.de%2Fgentechnik-verbot%2Fbundesweit%2Fteilnehmen%2F%3Futm_campaign%3D%252Fgentechnik-verbot%252F%26utm_term%3Dlink-1%26utm_medium%3DEmail%26utm_source%3D%252Fgentechnik-verbot%252Fbundesweit%252F%26utm_content%3Drandom-a%26_mv%3D5ePu2olQmwZkawqR7Ik00U&amp;h=1AQE9Dy2f&amp;s=1\" target=\"_blank\" rel=\"nofollow\">Gen-Mais muss verboten werden &#8211; bundesweit<\/a><\/div>\n<div class=\"_6ma\">\n<div class=\"_6m7\">Agrarminister Schmidt will ein Gentechnikgesetz nach Monsantos Geschmack. Nein! Jetzt f\u00fcr Gentech-Stopp unterzeichnen&#8230;<\/div>\n<div class=\"_59tj\">\n<div class=\"_6lz _6mb ellipsis\">campact.de<\/div>\n<\/div>\n<\/div>\n<\/div>\n<\/div>\n<\/div>\n<\/div>\n<\/div>\n<\/div>\n<\/div>\n<\/div>\n","protected":false},"excerpt":{"rendered":"<p>Zitat Campact: &#8220;. Doch Agrarminister Christian Schmidt ist dabei, diese riesige Chance zu verspielen: Geht es nach seinem Gesetzesvorschlag, sollen k\u00fcnftig die Bundesl\u00e4nder \u2013 und nicht die Bundesregierung \u2013 \u00fcber ein Gentechnik-Verbot entscheiden. Damit eine Gen-Sorte in Deutschland nicht auf die Felder kommt, br\u00e4uchte es dann 16 erfolgreiche Verbotsverfahren. Bayer, Monsanto und Co. k\u00f6nnten sie alle vor Gericht anfechten. Das w\u00fcrde den Konzernen gefallen, Gentechnik w\u00e4re kaum noch zu stoppen. Schon am 19. M\u00e4rz will Schmidt den Entwurf mit seinen Landes-Kolleg\/innen bei der Agrarministerkonferenz diskutieren. Etliche haben sich bereits gegen die Pl\u00e4ne ausgesprochen. Andere schwanken noch. Diese Wackelkandidaten bilden in diesen Tagen ihre Meinung. Um ihnen zu zeigen, dass wir B\u00fcrger\/innen nur ein bundesweites Gentechnik-Verbot akzeptieren, m\u00f6chten wir ihnen 200.000 Unterschriften \u00fcbergeben. Denn wenn die L\u00e4nder Schmidt \u00fcbern\u00e4chste Woche geschlossen die Stirn bieten, wird er von seinem Vorhaben ablassen&#8221; Ich geh jetzt unterschreiben: https:\/\/www.campact.de\/gentechnik-v\u2026\/bundesweit\/teilnehmen\/\u2026 Gen-Mais muss verboten werden &#8211; bundesweit Agrarminister Schmidt will ein Gentechnikgesetz nach Monsantos Geschmack. Nein! Jetzt f\u00fcr Gentech-Stopp unterzeichnen&#8230; campact.de<\/p>\n","protected":false},"author":1,"featured_media":0,"comment_status":"open","ping_status":"open","sticky":false,"template":"","format":"standard","meta":{"footnotes":""},"categories":[42,40,51,64],"tags":[],"jetpack_featured_media_url":"","_links":{"self":[{"href":"http:\/\/www.kunstgalerie-barbara.de\/blog\/wp-json\/wp\/v2\/posts\/15384"}],"collection":[{"href":"http:\/\/www.kunstgalerie-barbara.de\/blog\/wp-json\/wp\/v2\/posts"}],"about":[{"href":"http:\/\/www.kunstgalerie-barbara.de\/blog\/wp-json\/wp\/v2\/types\/post"}],"author":[{"embeddable":true,"href":"http:\/\/www.kunstgalerie-barbara.de\/blog\/wp-json\/wp\/v2\/users\/1"}],"replies":[{"embeddable":true,"href":"http:\/\/www.kunstgalerie-barbara.de\/blog\/wp-json\/wp\/v2\/comments?post=15384"}],"version-history":[{"count":1,"href":"http:\/\/www.kunstgalerie-barbara.de\/blog\/wp-json\/wp\/v2\/posts\/15384\/revisions"}],"predecessor-version":[{"id":15385,"href":"http:\/\/www.kunstgalerie-barbara.de\/blog\/wp-json\/wp\/v2\/posts\/15384\/revisions\/15385"}],"wp:attachment":[{"href":"http:\/\/www.kunstgalerie-barbara.de\/blog\/wp-json\/wp\/v2\/media?parent=15384"}],"wp:term":[{"taxonomy":"category","embeddable":true,"href":"http:\/\/www.kunstgalerie-barbara.de\/blog\/wp-json\/wp\/v2\/categories?post=15384"},{"taxonomy":"post_tag","embeddable":true,"href":"http:\/\/www.kunstgalerie-barbara.de\/blog\/wp-json\/wp\/v2\/tags?post=15384"}],"curies":[{"name":"wp","href":"https:\/\/api.w.org\/{rel}","templated":true}]}}