{"id":15396,"date":"2015-03-06T06:58:07","date_gmt":"2015-03-06T04:58:07","guid":{"rendered":"http:\/\/www.kunstgalerie-barbara.de\/blog\/?p=15396"},"modified":"2015-03-06T07:09:32","modified_gmt":"2015-03-06T05:09:32","slug":"tausende-nonnen-und-graugaense-machen-auf-harriersand-zwischenstop-oder-ueberwintern-dort-meistens-allerdings-fliegen-sie-weiter-nach-holland-doch-ich-koennte-mir-durchaus-vorstellen-dass-der-letzt","status":"publish","type":"post","link":"http:\/\/www.kunstgalerie-barbara.de\/blog\/2015\/03\/tausende-nonnen-und-graugaense-machen-auf-harriersand-zwischenstop-oder-ueberwintern-dort-meistens-allerdings-fliegen-sie-weiter-nach-holland-doch-ich-koennte-mir-durchaus-vorstellen-dass-der-letzt\/","title":{"rendered":"Tausende Nonnen und Graug\u00e4nse machen auf Harriersand Zwischenstop oder \u00fcberwintern dort! Meistens allerdings fliegen sie weiter nach Holland. Doch ich k\u00f6nnte mir durchaus vorstellen, da\u00df der letzte sehr milde Winter sie auch zum Bleiben veranla\u00dft haben k\u00f6nnte!"},"content":{"rendered":"<p style=\"text-align: center;\"><a href=\"http:\/\/www.kunstgalerie-barbara.de\/blog\/wp-content\/uploads\/2015\/03\/P1630447-Kopie.jpg\"><img loading=\"lazy\" decoding=\"async\" class=\"aligncenter wp-image-15397 size-full\" src=\"http:\/\/www.kunstgalerie-barbara.de\/blog\/wp-content\/uploads\/2015\/03\/P1630447-Kopie.jpg\" alt=\"P1630447 Kopie\" width=\"470\" height=\"315\" srcset=\"http:\/\/www.kunstgalerie-barbara.de\/blog\/wp-content\/uploads\/2015\/03\/P1630447-Kopie.jpg 470w, http:\/\/www.kunstgalerie-barbara.de\/blog\/wp-content\/uploads\/2015\/03\/P1630447-Kopie-300x201.jpg 300w\" sizes=\"(max-width: 470px) 100vw, 470px\" \/><\/a>Harriersand ist die gr\u00f6\u00dfte Weserinsel. Sie liegt etwa in der Mitte zwischen Bremen und Bremerhavenund geh\u00f6rt mit ihren elf Kilometer L\u00e4nge zu den l\u00e4ngsten Flu\u00dfinseln Europas!<\/p>\n","protected":false},"excerpt":{"rendered":"<p>Harriersand ist die gr\u00f6\u00dfte Weserinsel. Sie liegt etwa in der Mitte zwischen Bremen und Bremerhavenund geh\u00f6rt mit ihren elf Kilometer L\u00e4nge zu den l\u00e4ngsten Flu\u00dfinseln Europas!<\/p>\n","protected":false},"author":1,"featured_media":0,"comment_status":"open","ping_status":"open","sticky":false,"template":"","format":"standard","meta":{"footnotes":""},"categories":[70,67,71,51,64],"tags":[],"jetpack_featured_media_url":"","_links":{"self":[{"href":"http:\/\/www.kunstgalerie-barbara.de\/blog\/wp-json\/wp\/v2\/posts\/15396"}],"collection":[{"href":"http:\/\/www.kunstgalerie-barbara.de\/blog\/wp-json\/wp\/v2\/posts"}],"about":[{"href":"http:\/\/www.kunstgalerie-barbara.de\/blog\/wp-json\/wp\/v2\/types\/post"}],"author":[{"embeddable":true,"href":"http:\/\/www.kunstgalerie-barbara.de\/blog\/wp-json\/wp\/v2\/users\/1"}],"replies":[{"embeddable":true,"href":"http:\/\/www.kunstgalerie-barbara.de\/blog\/wp-json\/wp\/v2\/comments?post=15396"}],"version-history":[{"count":1,"href":"http:\/\/www.kunstgalerie-barbara.de\/blog\/wp-json\/wp\/v2\/posts\/15396\/revisions"}],"predecessor-version":[{"id":15401,"href":"http:\/\/www.kunstgalerie-barbara.de\/blog\/wp-json\/wp\/v2\/posts\/15396\/revisions\/15401"}],"wp:attachment":[{"href":"http:\/\/www.kunstgalerie-barbara.de\/blog\/wp-json\/wp\/v2\/media?parent=15396"}],"wp:term":[{"taxonomy":"category","embeddable":true,"href":"http:\/\/www.kunstgalerie-barbara.de\/blog\/wp-json\/wp\/v2\/categories?post=15396"},{"taxonomy":"post_tag","embeddable":true,"href":"http:\/\/www.kunstgalerie-barbara.de\/blog\/wp-json\/wp\/v2\/tags?post=15396"}],"curies":[{"name":"wp","href":"https:\/\/api.w.org\/{rel}","templated":true}]}}