{"id":15402,"date":"2015-03-06T09:47:29","date_gmt":"2015-03-06T07:47:29","guid":{"rendered":"http:\/\/www.kunstgalerie-barbara.de\/blog\/?p=15402"},"modified":"2015-03-06T09:47:29","modified_gmt":"2015-03-06T07:47:29","slug":"liebe-freundinnen-und-freunde","status":"publish","type":"post","link":"http:\/\/www.kunstgalerie-barbara.de\/blog\/2015\/03\/liebe-freundinnen-und-freunde\/","title":{"rendered":"Liebe Freundinnen und Freunde&#8230;"},"content":{"rendered":"<p>&#8230;das Europ\u00e4ische Parlament ber\u00e4t gerade \u00fcber eine Resolution zum geplanten Freihandelsabkommen TTIP. Diese Resolution darf kein Papiertiger werden! Das EU-Parlament muss klarstellen: ein Abkommen, das Sonderklagerechte f\u00fcr Konzern beinhaltet, die Handlungsf\u00e4higkeit unserer Parlamente beschneidet und den Umwelt- und Verbraucherschutz gef\u00e4hrdet, wird es mit uns nicht geben!<\/p>\n<p>Das Umweltinstitut hat eine Aktion gestartet, mit der ihr Eure Europa-Abgeordneten anschreiben k\u00f6nnt.<\/p>\n<p>Beteiligt Euch jetzt unter folgender Adresse: https:\/\/www.umweltinstitut.org\/mitmach-aktionen\/zaehne-zeigen-gegen-ttip.html<\/p>\n<p>Beste Gr\u00fc\u00dfe<\/p>\n<p>Barbara Wenzel-Winter<\/p>\n<p>============================================<\/p>\n<p>Das Umweltinstitut ist ein unabh\u00e4ngiger Verein, der sich gegen Atomkraft, f\u00fcr gentechnikfreies Essen, f\u00fcr eine nachhaltige Energiewende und f\u00fcr den \u00f6kologischen Landbau einsetzt. Wir verwirklichen unsere Ziele durch Aufkl\u00e4rungs- und \u00d6ffentlichkeitsarbeit und nehmen Einfluss auf die Entscheidungen der Politik. Spender und regelm\u00e4\u00dfige F\u00f6rderer garantieren unsere unabh\u00e4ngige Arbeit.<\/p>\n<p>Umweltinstitut M\u00fcnchen e.V.<br \/>\nLandwehrstr. 64a<br \/>\n80336 M\u00fcnchen<br \/>\nwww.umweltinstitut.org<\/p>\n","protected":false},"excerpt":{"rendered":"<p>&#8230;das Europ\u00e4ische Parlament ber\u00e4t gerade \u00fcber eine Resolution zum geplanten Freihandelsabkommen TTIP. Diese Resolution darf kein Papiertiger werden! Das EU-Parlament muss klarstellen: ein Abkommen, das Sonderklagerechte f\u00fcr Konzern beinhaltet, die Handlungsf\u00e4higkeit unserer Parlamente beschneidet und den Umwelt- und Verbraucherschutz gef\u00e4hrdet, wird es mit uns nicht geben! Das Umweltinstitut hat eine Aktion gestartet, mit der ihr Eure Europa-Abgeordneten anschreiben k\u00f6nnt. Beteiligt Euch jetzt unter folgender Adresse: https:\/\/www.umweltinstitut.org\/mitmach-aktionen\/zaehne-zeigen-gegen-ttip.html Beste Gr\u00fc\u00dfe Barbara Wenzel-Winter ============================================ Das Umweltinstitut ist ein unabh\u00e4ngiger Verein, der sich gegen Atomkraft, f\u00fcr gentechnikfreies Essen, f\u00fcr eine nachhaltige Energiewende und f\u00fcr den \u00f6kologischen Landbau einsetzt. Wir verwirklichen unsere Ziele durch Aufkl\u00e4rungs- und \u00d6ffentlichkeitsarbeit und nehmen Einfluss auf die Entscheidungen der Politik. Spender und regelm\u00e4\u00dfige F\u00f6rderer garantieren unsere unabh\u00e4ngige Arbeit. Umweltinstitut M\u00fcnchen e.V. Landwehrstr. 64a 80336 M\u00fcnchen www.umweltinstitut.org<\/p>\n","protected":false},"author":1,"featured_media":0,"comment_status":"open","ping_status":"open","sticky":false,"template":"","format":"standard","meta":{"footnotes":""},"categories":[42,40,51],"tags":[],"jetpack_featured_media_url":"","_links":{"self":[{"href":"http:\/\/www.kunstgalerie-barbara.de\/blog\/wp-json\/wp\/v2\/posts\/15402"}],"collection":[{"href":"http:\/\/www.kunstgalerie-barbara.de\/blog\/wp-json\/wp\/v2\/posts"}],"about":[{"href":"http:\/\/www.kunstgalerie-barbara.de\/blog\/wp-json\/wp\/v2\/types\/post"}],"author":[{"embeddable":true,"href":"http:\/\/www.kunstgalerie-barbara.de\/blog\/wp-json\/wp\/v2\/users\/1"}],"replies":[{"embeddable":true,"href":"http:\/\/www.kunstgalerie-barbara.de\/blog\/wp-json\/wp\/v2\/comments?post=15402"}],"version-history":[{"count":1,"href":"http:\/\/www.kunstgalerie-barbara.de\/blog\/wp-json\/wp\/v2\/posts\/15402\/revisions"}],"predecessor-version":[{"id":15403,"href":"http:\/\/www.kunstgalerie-barbara.de\/blog\/wp-json\/wp\/v2\/posts\/15402\/revisions\/15403"}],"wp:attachment":[{"href":"http:\/\/www.kunstgalerie-barbara.de\/blog\/wp-json\/wp\/v2\/media?parent=15402"}],"wp:term":[{"taxonomy":"category","embeddable":true,"href":"http:\/\/www.kunstgalerie-barbara.de\/blog\/wp-json\/wp\/v2\/categories?post=15402"},{"taxonomy":"post_tag","embeddable":true,"href":"http:\/\/www.kunstgalerie-barbara.de\/blog\/wp-json\/wp\/v2\/tags?post=15402"}],"curies":[{"name":"wp","href":"https:\/\/api.w.org\/{rel}","templated":true}]}}