{"id":15406,"date":"2015-03-07T15:15:31","date_gmt":"2015-03-07T13:15:31","guid":{"rendered":"http:\/\/www.kunstgalerie-barbara.de\/blog\/?p=15406"},"modified":"2015-03-07T15:15:31","modified_gmt":"2015-03-07T13:15:31","slug":"es-ist-wieder-soweit","status":"publish","type":"post","link":"http:\/\/www.kunstgalerie-barbara.de\/blog\/2015\/03\/es-ist-wieder-soweit\/","title":{"rendered":"Es ist wieder soweit&#8230;"},"content":{"rendered":"<p style=\"text-align: center;\"><a href=\"http:\/\/www.kunstgalerie-barbara.de\/blog\/wp-content\/uploads\/2015\/03\/P1460595-Kopie.jpg\"><img loading=\"lazy\" decoding=\"async\" class=\"aligncenter wp-image-15407 size-full\" src=\"http:\/\/www.kunstgalerie-barbara.de\/blog\/wp-content\/uploads\/2015\/03\/P1460595-Kopie.jpg\" alt=\"P1460595 Kopie\" width=\"402\" height=\"600\" srcset=\"http:\/\/www.kunstgalerie-barbara.de\/blog\/wp-content\/uploads\/2015\/03\/P1460595-Kopie.jpg 402w, http:\/\/www.kunstgalerie-barbara.de\/blog\/wp-content\/uploads\/2015\/03\/P1460595-Kopie-201x300.jpg 201w\" sizes=\"(max-width: 402px) 100vw, 402px\" \/><\/a>&#8230;seit einigen Jahren bl\u00fcht neben der Franz Sch\u00fctte Allee ein Krokusteppich, eher eine Krokusallee, ges\u00e4umt von einer Doppelreihe alter Laubb\u00e4ume! Nicht sehr lange ist diese Attraktion zu bestaunen, in wenigen Tagen ist es leider schon wieder mit der Pracht vorbei!<br \/>\nDeshalb, wer also dieses blauen Wunders noch teilhaftig werden m\u00f6chte, sollte sich schnell auf die Socken machen!<\/p>\n","protected":false},"excerpt":{"rendered":"<p>&#8230;seit einigen Jahren bl\u00fcht neben der Franz Sch\u00fctte Allee ein Krokusteppich, eher eine Krokusallee, ges\u00e4umt von einer Doppelreihe alter Laubb\u00e4ume! Nicht sehr lange ist diese Attraktion zu bestaunen, in wenigen Tagen ist es leider schon wieder mit der Pracht vorbei! Deshalb, wer also dieses blauen Wunders noch teilhaftig werden m\u00f6chte, sollte sich schnell auf die Socken machen!<\/p>\n","protected":false},"author":1,"featured_media":0,"comment_status":"open","ping_status":"open","sticky":false,"template":"","format":"standard","meta":{"footnotes":""},"categories":[70,51],"tags":[],"jetpack_featured_media_url":"","_links":{"self":[{"href":"http:\/\/www.kunstgalerie-barbara.de\/blog\/wp-json\/wp\/v2\/posts\/15406"}],"collection":[{"href":"http:\/\/www.kunstgalerie-barbara.de\/blog\/wp-json\/wp\/v2\/posts"}],"about":[{"href":"http:\/\/www.kunstgalerie-barbara.de\/blog\/wp-json\/wp\/v2\/types\/post"}],"author":[{"embeddable":true,"href":"http:\/\/www.kunstgalerie-barbara.de\/blog\/wp-json\/wp\/v2\/users\/1"}],"replies":[{"embeddable":true,"href":"http:\/\/www.kunstgalerie-barbara.de\/blog\/wp-json\/wp\/v2\/comments?post=15406"}],"version-history":[{"count":1,"href":"http:\/\/www.kunstgalerie-barbara.de\/blog\/wp-json\/wp\/v2\/posts\/15406\/revisions"}],"predecessor-version":[{"id":15409,"href":"http:\/\/www.kunstgalerie-barbara.de\/blog\/wp-json\/wp\/v2\/posts\/15406\/revisions\/15409"}],"wp:attachment":[{"href":"http:\/\/www.kunstgalerie-barbara.de\/blog\/wp-json\/wp\/v2\/media?parent=15406"}],"wp:term":[{"taxonomy":"category","embeddable":true,"href":"http:\/\/www.kunstgalerie-barbara.de\/blog\/wp-json\/wp\/v2\/categories?post=15406"},{"taxonomy":"post_tag","embeddable":true,"href":"http:\/\/www.kunstgalerie-barbara.de\/blog\/wp-json\/wp\/v2\/tags?post=15406"}],"curies":[{"name":"wp","href":"https:\/\/api.w.org\/{rel}","templated":true}]}}