{"id":15410,"date":"2015-03-08T07:49:39","date_gmt":"2015-03-08T05:49:39","guid":{"rendered":"http:\/\/www.kunstgalerie-barbara.de\/blog\/?p=15410"},"modified":"2015-03-08T07:49:39","modified_gmt":"2015-03-08T05:49:39","slug":"nachtrag-zum-tag-der-frau-mit-frauen-wird-weltweit-immer-noch-nicht-besonders-gut-umgegangen-vielen-ist-es-bewusst-anderen-leider-nicht-wollen-wir-hoffen-dass-das-bewusstsein-derer-denen-es-nich","status":"publish","type":"post","link":"http:\/\/www.kunstgalerie-barbara.de\/blog\/2015\/03\/nachtrag-zum-tag-der-frau-mit-frauen-wird-weltweit-immer-noch-nicht-besonders-gut-umgegangen-vielen-ist-es-bewusst-anderen-leider-nicht-wollen-wir-hoffen-dass-das-bewusstsein-derer-denen-es-nich\/","title":{"rendered":"Nachtrag zum Tag der Frau: Mit Frauen wird weltweit immer noch nicht besonders gut umgegangen. Vielen ist es bewu\u00dft, anderen leider nicht. Wollen wir hoffen, da\u00df das Bewu\u00dftsein derer, denen es nicht bewu\u00dft ist, gest\u00e4rkt wird und sie sich beginnen gegen Unterdr\u00fcckung, Diskriminierung und Mi\u00dfbrauch zur Wehr zu setzen!"},"content":{"rendered":"<p><a href=\"http:\/\/www.kunstgalerie-barbara.de\/blog\/wp-content\/uploads\/2015\/03\/P1620346-Kopie.jpg\"><img loading=\"lazy\" decoding=\"async\" class=\"aligncenter wp-image-15411 size-full\" src=\"http:\/\/www.kunstgalerie-barbara.de\/blog\/wp-content\/uploads\/2015\/03\/P1620346-Kopie.jpg\" alt=\"P1620346 Kopie\" width=\"402\" height=\"600\" srcset=\"http:\/\/www.kunstgalerie-barbara.de\/blog\/wp-content\/uploads\/2015\/03\/P1620346-Kopie.jpg 402w, http:\/\/www.kunstgalerie-barbara.de\/blog\/wp-content\/uploads\/2015\/03\/P1620346-Kopie-201x300.jpg 201w\" sizes=\"(max-width: 402px) 100vw, 402px\" \/><\/a><\/p>\n","protected":false},"excerpt":{"rendered":"","protected":false},"author":1,"featured_media":0,"comment_status":"open","ping_status":"open","sticky":false,"template":"","format":"standard","meta":{"footnotes":""},"categories":[72,42,40,51],"tags":[],"jetpack_featured_media_url":"","_links":{"self":[{"href":"http:\/\/www.kunstgalerie-barbara.de\/blog\/wp-json\/wp\/v2\/posts\/15410"}],"collection":[{"href":"http:\/\/www.kunstgalerie-barbara.de\/blog\/wp-json\/wp\/v2\/posts"}],"about":[{"href":"http:\/\/www.kunstgalerie-barbara.de\/blog\/wp-json\/wp\/v2\/types\/post"}],"author":[{"embeddable":true,"href":"http:\/\/www.kunstgalerie-barbara.de\/blog\/wp-json\/wp\/v2\/users\/1"}],"replies":[{"embeddable":true,"href":"http:\/\/www.kunstgalerie-barbara.de\/blog\/wp-json\/wp\/v2\/comments?post=15410"}],"version-history":[{"count":1,"href":"http:\/\/www.kunstgalerie-barbara.de\/blog\/wp-json\/wp\/v2\/posts\/15410\/revisions"}],"predecessor-version":[{"id":15412,"href":"http:\/\/www.kunstgalerie-barbara.de\/blog\/wp-json\/wp\/v2\/posts\/15410\/revisions\/15412"}],"wp:attachment":[{"href":"http:\/\/www.kunstgalerie-barbara.de\/blog\/wp-json\/wp\/v2\/media?parent=15410"}],"wp:term":[{"taxonomy":"category","embeddable":true,"href":"http:\/\/www.kunstgalerie-barbara.de\/blog\/wp-json\/wp\/v2\/categories?post=15410"},{"taxonomy":"post_tag","embeddable":true,"href":"http:\/\/www.kunstgalerie-barbara.de\/blog\/wp-json\/wp\/v2\/tags?post=15410"}],"curies":[{"name":"wp","href":"https:\/\/api.w.org\/{rel}","templated":true}]}}