{"id":15414,"date":"2015-03-09T05:57:31","date_gmt":"2015-03-09T03:57:31","guid":{"rendered":"http:\/\/www.kunstgalerie-barbara.de\/blog\/?p=15414"},"modified":"2015-03-09T05:59:15","modified_gmt":"2015-03-09T03:59:15","slug":"fordere-die-kanzlerin-angela-merkel-und-die-g7-auf-mutig-zu-sein","status":"publish","type":"post","link":"http:\/\/www.kunstgalerie-barbara.de\/blog\/2015\/03\/fordere-die-kanzlerin-angela-merkel-und-die-g7-auf-mutig-zu-sein\/","title":{"rendered":"Fordere die Kanzlerin Angela Merkel und die G7 auf, mutig zu sein!"},"content":{"rendered":"<p><span style=\"color: #333333; font-family: Helvetica,Arial,sans-serif; font-size: small;\">heute am Weltfrauentag starten wir unsere neue Kampagne <em>Mut2015<\/em>. In diesem wichtigen Jahr, in dem die Weltgemeinschaft eine neue globale Entwicklungsagenda verabschiedet, hat die deutsche Bundesregierung die G7-Pr\u00e4sidentschaft inne.<\/p>\n<p>Unser Ziel ist es, dass 2030 niemand mehr von weniger als 1 Euro am Tag leben muss. Doch das geht nur, wenn wir Frauen und M\u00e4dchen st\u00e4rken. Unterst\u00fctzt werden wir dabei von starken Frauen wie der Schauspielerin und \u00c4rztin Maria Furtw\u00e4ngler und der 4-fachen Boxweltmeisterin Cecilia Br\u00e6khus.<\/p>\n<p>Wir m\u00fcssen die G7 und vor allem Bundeskanzlerin Angela Merkel als Gastgeberin auffordern, Mut im Kampf gegen extreme Armut zu beweisen und Frauen und M\u00e4dchen dabei in den Mittelpunkt zu stellen. Au\u00dferdem m\u00fcssen die f\u00fchrenden Politiker der Welt sicherstellen, dass bereits gegebene Versprechen gehalten werden und die Unterst\u00fctzung wirklich bei den \u00c4rmsten ankommt.<\/p>\n<p><a href=\"http:\/\/act.one.org\/sign\/mut2015\/?t=1&amp;utm_source=email&amp;utm_medium=email&amp;akid=6893.6420486.690_Rd\"><strong>Unterzeichne jetzt unsere Petition und fordere die Bundeskanzlerin auf, mutige Entscheidungen zu treffen<\/strong><\/a>. Mit einem Mausklick unterschreibst du die Petition.<\/p>\n<p><\/span><\/p>\n<table class=\"innertable\" border=\"0\" cellspacing=\"0\" cellpadding=\"0\" bgcolor=\"#ffffff\">\n<tbody>\n<tr>\n<td><a href=\"http:\/\/act.one.org\/sign\/mut2015\/?t=2&amp;utm_source=email&amp;utm_medium=email&amp;akid=6893.6420486.690_Rd\"> <img decoding=\"async\" class=\"mainimage\" src=\"https:\/\/s3.amazonaws.com\/one.org\/images\/germany_g7_campaign_email.png\" alt=\"Unterzeichne jetzt die Petition\" width=\"600\" border=\"0\" \/> <\/a><\/td>\n<\/tr>\n<\/tbody>\n<\/table>\n<p><span style=\"color: #333333; font-family: Helvetica,Arial,sans-serif; font-size: small;\"><\/p>\n<p>Die Petition lautet:<em><\/p>\n<p>Sehr geehrte Frau Bundeskanzlerin,<br \/>\nsorgen Sie als Gastgeberin daf\u00fcr, dass die G7 Mut im Kampf gegen extreme Armut beweist. Stellen Sie die St\u00e4rkung von M\u00e4dchen und Frauen in den Mittelpunkt und setzen Sie Entwicklungsversprechen so um, dass sie vor allem die \u00c4rmsten erreichen.<\/em><\/p>\n<p>Es ist unglaublich wichtig, dass die Staats- und Regierungschefs der sieben wichtigsten Industrienationen im Juni auf Schloss Elmau die Weichen f\u00fcr ambitionierte, vollfinanzierte und transparente Entwicklungsziele stellen.<\/p>\n<p><a href=\"http:\/\/act.one.org\/sign\/mut2015\/?t=3&amp;utm_source=email&amp;utm_medium=email&amp;akid=6893.6420486.690_Rd\"><strong>Bitte unterzeichne jetzt unsere Petition und mach Druck auf die G7, damit sie diese einmalige Chance nutzt.<\/strong><\/a> Mit einem Mausklick bist du dabei.<\/p>\n<p>Vielen Dank <\/span><\/p>\n<p>&nbsp;<\/p>\n<p>&nbsp;<\/p>\n","protected":false},"excerpt":{"rendered":"<p>heute am Weltfrauentag starten wir unsere neue Kampagne Mut2015. In diesem wichtigen Jahr, in dem die Weltgemeinschaft eine neue globale Entwicklungsagenda verabschiedet, hat die deutsche Bundesregierung die G7-Pr\u00e4sidentschaft inne. Unser Ziel ist es, dass 2030 niemand mehr von weniger als 1 Euro am Tag leben muss. Doch das geht nur, wenn wir Frauen und M\u00e4dchen st\u00e4rken. Unterst\u00fctzt werden wir dabei von starken Frauen wie der Schauspielerin und \u00c4rztin Maria Furtw\u00e4ngler und der 4-fachen Boxweltmeisterin Cecilia Br\u00e6khus. Wir m\u00fcssen die G7 und vor allem Bundeskanzlerin Angela Merkel als Gastgeberin auffordern, Mut im Kampf gegen extreme Armut zu beweisen und Frauen und M\u00e4dchen dabei in den Mittelpunkt zu stellen. Au\u00dferdem m\u00fcssen die f\u00fchrenden Politiker der Welt sicherstellen, dass bereits gegebene Versprechen gehalten werden und die Unterst\u00fctzung wirklich bei den \u00c4rmsten ankommt. Unterzeichne jetzt unsere Petition und fordere die Bundeskanzlerin auf, mutige Entscheidungen zu treffen. Mit einem Mausklick unterschreibst du die Petition. Die Petition lautet: Sehr geehrte Frau Bundeskanzlerin, sorgen Sie als Gastgeberin daf\u00fcr, dass die G7 Mut im Kampf gegen extreme Armut beweist. Stellen Sie die St\u00e4rkung von M\u00e4dchen und Frauen in den Mittelpunkt und setzen Sie Entwicklungsversprechen so um, dass sie vor allem die \u00c4rmsten erreichen. Es ist unglaublich wichtig, dass die Staats- und Regierungschefs der sieben wichtigsten Industrienationen im Juni auf Schloss Elmau die Weichen f\u00fcr ambitionierte, vollfinanzierte und transparente Entwicklungsziele stellen. Bitte unterzeichne jetzt unsere Petition und mach Druck auf die G7, damit sie diese einmalige Chance nutzt. Mit einem Mausklick bist du dabei. Vielen Dank &nbsp; &nbsp;<\/p>\n","protected":false},"author":1,"featured_media":0,"comment_status":"open","ping_status":"open","sticky":false,"template":"","format":"standard","meta":{"footnotes":""},"categories":[72,42,40,51],"tags":[],"jetpack_featured_media_url":"","_links":{"self":[{"href":"http:\/\/www.kunstgalerie-barbara.de\/blog\/wp-json\/wp\/v2\/posts\/15414"}],"collection":[{"href":"http:\/\/www.kunstgalerie-barbara.de\/blog\/wp-json\/wp\/v2\/posts"}],"about":[{"href":"http:\/\/www.kunstgalerie-barbara.de\/blog\/wp-json\/wp\/v2\/types\/post"}],"author":[{"embeddable":true,"href":"http:\/\/www.kunstgalerie-barbara.de\/blog\/wp-json\/wp\/v2\/users\/1"}],"replies":[{"embeddable":true,"href":"http:\/\/www.kunstgalerie-barbara.de\/blog\/wp-json\/wp\/v2\/comments?post=15414"}],"version-history":[{"count":1,"href":"http:\/\/www.kunstgalerie-barbara.de\/blog\/wp-json\/wp\/v2\/posts\/15414\/revisions"}],"predecessor-version":[{"id":15416,"href":"http:\/\/www.kunstgalerie-barbara.de\/blog\/wp-json\/wp\/v2\/posts\/15414\/revisions\/15416"}],"wp:attachment":[{"href":"http:\/\/www.kunstgalerie-barbara.de\/blog\/wp-json\/wp\/v2\/media?parent=15414"}],"wp:term":[{"taxonomy":"category","embeddable":true,"href":"http:\/\/www.kunstgalerie-barbara.de\/blog\/wp-json\/wp\/v2\/categories?post=15414"},{"taxonomy":"post_tag","embeddable":true,"href":"http:\/\/www.kunstgalerie-barbara.de\/blog\/wp-json\/wp\/v2\/tags?post=15414"}],"curies":[{"name":"wp","href":"https:\/\/api.w.org\/{rel}","templated":true}]}}