{"id":15432,"date":"2015-03-12T06:01:13","date_gmt":"2015-03-12T04:01:13","guid":{"rendered":"http:\/\/www.kunstgalerie-barbara.de\/blog\/?p=15432"},"modified":"2015-03-12T06:01:13","modified_gmt":"2015-03-12T04:01:13","slug":"bund-net-aktiv-werden-aktionen-bayer-stopp-bienengefaehrdende-pestizide-19-721-haben-protestiert-helfen-sie-25-000-zu-erreichen-schreiben-sie-eine-protestmail-an-bayer-das-neonikotinoid","status":"publish","type":"post","link":"http:\/\/www.kunstgalerie-barbara.de\/blog\/2015\/03\/bund-net-aktiv-werden-aktionen-bayer-stopp-bienengefaehrdende-pestizide-19-721-haben-protestiert-helfen-sie-25-000-zu-erreichen-schreiben-sie-eine-protestmail-an-bayer-das-neonikotinoid\/","title":{"rendered":"BUND.net > Aktiv werden > Aktionen > Bayer, stopp bienengef\u00e4hrdende Pestizide! 19.721 haben protestiert \u2013 helfen Sie, 25.000 zu erreichen!  Schreiben Sie eine Protestmail an Bayer!  Das Neonikotinoid Thiacloprid ist \u00e4u\u00dferst sch\u00e4dlich f\u00fcr Bienen. Das beweist eine aktuelle Studie. Thiacloprid ist ein Nervengift, das z.B. in dem Sch\u00e4dlingsbek\u00e4mpfungsmittel Lizetan von Bayer enthalten ist. Die deutsche Zulassungsbeh\u00f6rde hat das Pestizid jedoch als &#8220;bienenungef\u00e4hrlich&#8221; eingestuft. Die Studie zeigt aber: Auch wenn das Nervengift nicht unmittelbar t\u00f6dlich auf Bienen wirkt, wird trotzdem ihr Orientierungssinn so gesch\u00e4digt, dass sie nicht mehr zum Bienenstock zur\u00fcck finden und dadurch letztlich sterben. Au\u00dferdem k\u00f6nnen gesch\u00e4digte Bienen nicht mehr miteinander kommunizieren.  BUND gewinnt vor Gericht gegen Bayer Bayer passen diese wissenschaftlichen Erkenntnisse offenbar nicht: Wegen &#8220;gesch\u00e4ftssch\u00e4digender Behauptungen&#8221; hatte Bayer CropScience Ende 2014 vor\u00fcbergehend eine einstweilige Verf\u00fcgung gegen den BUND erwirkt. Am 11. M\u00e4rz 2015 entschied das Landgericht D\u00fcsseldorf, dass der BUND das Bayer-Pestizid als &#8220;bienengef\u00e4hrlich&#8221; bezeichnen darf. Ein wichtiger Sieg f\u00fcr die Bienen und f\u00fcr die Meinungsfreiheit. Mehr&#8230;  Jetzt erst recht: Thiacloprid ist bienengef\u00e4hrlich, weil es Bienen t\u00f6tet. Deshalb fordern wir, dass das Nervengift von der EU verboten werden muss!  Helfen auch Sie unseren Bienen! Schreiben Sie an Bayer und fordern Sie den Konzern auf, Thiacloprid vom Markt zu nehmen: Stoppt bienengef\u00e4hrdende Pestizide!      Aktionssbutton zur Unterschreiben-Seite     Button zur Informationsseite"},"content":{"rendered":"<p><iframe loading=\"lazy\" title=\"Das ist Liebe! Fr\u00fchlingsgef\u00fchle total! Bayer liebt Bienen!\" width=\"960\" height=\"540\" src=\"https:\/\/www.youtube.com\/embed\/CXfR6gB3agQ?feature=oembed\" frameborder=\"0\" allow=\"accelerometer; autoplay; encrypted-media; gyroscope; picture-in-picture\" allowfullscreen><\/iframe><\/p>\n<p>https:\/\/youtube.com\/watch?v=CXfR6gB3agQframeborder%3D0allowfullscreen<\/p>\n","protected":false},"excerpt":{"rendered":"","protected":false},"author":1,"featured_media":15435,"comment_status":"open","ping_status":"open","sticky":false,"template":"","format":"standard","meta":{"footnotes":""},"categories":[67,40,71,64],"tags":[],"jetpack_featured_media_url":"http:\/\/www.kunstgalerie-barbara.de\/blog\/wp-content\/uploads\/2015\/03\/bund-net-aktiv-werden-aktionen-b.jpg","_links":{"self":[{"href":"http:\/\/www.kunstgalerie-barbara.de\/blog\/wp-json\/wp\/v2\/posts\/15432"}],"collection":[{"href":"http:\/\/www.kunstgalerie-barbara.de\/blog\/wp-json\/wp\/v2\/posts"}],"about":[{"href":"http:\/\/www.kunstgalerie-barbara.de\/blog\/wp-json\/wp\/v2\/types\/post"}],"author":[{"embeddable":true,"href":"http:\/\/www.kunstgalerie-barbara.de\/blog\/wp-json\/wp\/v2\/users\/1"}],"replies":[{"embeddable":true,"href":"http:\/\/www.kunstgalerie-barbara.de\/blog\/wp-json\/wp\/v2\/comments?post=15432"}],"version-history":[{"count":1,"href":"http:\/\/www.kunstgalerie-barbara.de\/blog\/wp-json\/wp\/v2\/posts\/15432\/revisions"}],"predecessor-version":[{"id":15434,"href":"http:\/\/www.kunstgalerie-barbara.de\/blog\/wp-json\/wp\/v2\/posts\/15432\/revisions\/15434"}],"wp:featuredmedia":[{"embeddable":true,"href":"http:\/\/www.kunstgalerie-barbara.de\/blog\/wp-json\/wp\/v2\/media\/15435"}],"wp:attachment":[{"href":"http:\/\/www.kunstgalerie-barbara.de\/blog\/wp-json\/wp\/v2\/media?parent=15432"}],"wp:term":[{"taxonomy":"category","embeddable":true,"href":"http:\/\/www.kunstgalerie-barbara.de\/blog\/wp-json\/wp\/v2\/categories?post=15432"},{"taxonomy":"post_tag","embeddable":true,"href":"http:\/\/www.kunstgalerie-barbara.de\/blog\/wp-json\/wp\/v2\/tags?post=15432"}],"curies":[{"name":"wp","href":"https:\/\/api.w.org\/{rel}","templated":true}]}}