{"id":15452,"date":"2015-03-19T06:43:00","date_gmt":"2015-03-19T04:43:00","guid":{"rendered":"http:\/\/www.kunstgalerie-barbara.de\/blog\/?p=15452"},"modified":"2015-03-19T06:44:07","modified_gmt":"2015-03-19T04:44:07","slug":"was-waeren-wir-ohne-unseren-kleinen-zwitscherer","status":"publish","type":"post","link":"http:\/\/www.kunstgalerie-barbara.de\/blog\/2015\/03\/was-waeren-wir-ohne-unseren-kleinen-zwitscherer\/","title":{"rendered":"Was w\u00e4ren wir ohne unseren kleinen Zwitscherer&#8230;"},"content":{"rendered":"<p style=\"text-align: center;\"><a href=\"http:\/\/www.kunstgalerie-barbara.de\/blog\/wp-content\/uploads\/2015\/03\/P1470433-Kopie.jpg\"><img loading=\"lazy\" decoding=\"async\" class=\"aligncenter wp-image-15453 size-full\" src=\"http:\/\/www.kunstgalerie-barbara.de\/blog\/wp-content\/uploads\/2015\/03\/P1470433-Kopie.jpg\" alt=\"P1470433 Kopie\" width=\"470\" height=\"315\" srcset=\"http:\/\/www.kunstgalerie-barbara.de\/blog\/wp-content\/uploads\/2015\/03\/P1470433-Kopie.jpg 470w, http:\/\/www.kunstgalerie-barbara.de\/blog\/wp-content\/uploads\/2015\/03\/P1470433-Kopie-300x201.jpg 300w\" sizes=\"(max-width: 470px) 100vw, 470px\" \/><\/a>&#8230; sehen wir also zu, da\u00df\u00a0 sie sich weiterhin in unserer N\u00e4he wohlf\u00fchlen und damit meine ich nicht mit Futter zu versorgen, denn das k\u00f6nnen sie auch allein, nein, Hecken und B\u00e4ume statt Vogelh\u00e4uschen brauchen unsere kleinen gefiederten Freunde, M\u00f6glichkeiten um ganz nat\u00fcrlich Nester zu bauen und\u00a0 ihren Nachwuchs gro\u00dfzuziehen!<\/p>\n","protected":false},"excerpt":{"rendered":"<p>&#8230; sehen wir also zu, da\u00df\u00a0 sie sich weiterhin in unserer N\u00e4he wohlf\u00fchlen und damit meine ich nicht mit Futter zu versorgen, denn das k\u00f6nnen sie auch allein, nein, Hecken und B\u00e4ume statt Vogelh\u00e4uschen brauchen unsere kleinen gefiederten Freunde, M\u00f6glichkeiten um ganz nat\u00fcrlich Nester zu bauen und\u00a0 ihren Nachwuchs gro\u00dfzuziehen!<\/p>\n","protected":false},"author":1,"featured_media":0,"comment_status":"open","ping_status":"open","sticky":false,"template":"","format":"standard","meta":{"footnotes":""},"categories":[66,26,71,51,64],"tags":[],"jetpack_featured_media_url":"","_links":{"self":[{"href":"http:\/\/www.kunstgalerie-barbara.de\/blog\/wp-json\/wp\/v2\/posts\/15452"}],"collection":[{"href":"http:\/\/www.kunstgalerie-barbara.de\/blog\/wp-json\/wp\/v2\/posts"}],"about":[{"href":"http:\/\/www.kunstgalerie-barbara.de\/blog\/wp-json\/wp\/v2\/types\/post"}],"author":[{"embeddable":true,"href":"http:\/\/www.kunstgalerie-barbara.de\/blog\/wp-json\/wp\/v2\/users\/1"}],"replies":[{"embeddable":true,"href":"http:\/\/www.kunstgalerie-barbara.de\/blog\/wp-json\/wp\/v2\/comments?post=15452"}],"version-history":[{"count":1,"href":"http:\/\/www.kunstgalerie-barbara.de\/blog\/wp-json\/wp\/v2\/posts\/15452\/revisions"}],"predecessor-version":[{"id":15455,"href":"http:\/\/www.kunstgalerie-barbara.de\/blog\/wp-json\/wp\/v2\/posts\/15452\/revisions\/15455"}],"wp:attachment":[{"href":"http:\/\/www.kunstgalerie-barbara.de\/blog\/wp-json\/wp\/v2\/media?parent=15452"}],"wp:term":[{"taxonomy":"category","embeddable":true,"href":"http:\/\/www.kunstgalerie-barbara.de\/blog\/wp-json\/wp\/v2\/categories?post=15452"},{"taxonomy":"post_tag","embeddable":true,"href":"http:\/\/www.kunstgalerie-barbara.de\/blog\/wp-json\/wp\/v2\/tags?post=15452"}],"curies":[{"name":"wp","href":"https:\/\/api.w.org\/{rel}","templated":true}]}}