{"id":15456,"date":"2015-03-19T08:55:47","date_gmt":"2015-03-19T06:55:47","guid":{"rendered":"http:\/\/www.kunstgalerie-barbara.de\/blog\/?p=15456"},"modified":"2015-03-19T11:37:04","modified_gmt":"2015-03-19T09:37:04","slug":"die-hornissenzeit-beginnt","status":"publish","type":"post","link":"http:\/\/www.kunstgalerie-barbara.de\/blog\/2015\/03\/die-hornissenzeit-beginnt\/","title":{"rendered":"Die Hornissenzeit beginnt&#8230;"},"content":{"rendered":"<p style=\"text-align: center;\"><a href=\"http:\/\/www.kunstgalerie-barbara.de\/blog\/wp-content\/uploads\/2015\/03\/P1570320-Kopie1.jpg\"><img loading=\"lazy\" decoding=\"async\" class=\"aligncenter wp-image-15458 size-full\" src=\"http:\/\/www.kunstgalerie-barbara.de\/blog\/wp-content\/uploads\/2015\/03\/P1570320-Kopie1.jpg\" alt=\"P1570320 Kopie\" width=\"408\" height=\"608\" srcset=\"http:\/\/www.kunstgalerie-barbara.de\/blog\/wp-content\/uploads\/2015\/03\/P1570320-Kopie1.jpg 408w, http:\/\/www.kunstgalerie-barbara.de\/blog\/wp-content\/uploads\/2015\/03\/P1570320-Kopie1-201x300.jpg 201w\" sizes=\"(max-width: 408px) 100vw, 408px\" \/><\/a>&#8230; was mir im Gegensatz zu vielen meiner Zeitgenossen keine Probleme bereitet. Ich geh\u00f6re nicht zu denen, die Hornissen als gef\u00e4hrliche Monster betrachten.<br \/>\nGut, sie sind etwas gr\u00f6\u00dfer geraten, aber daf\u00fcr sind sie ruhig und friedlich, ja tr\u00e4ge und \u00fcberhaubt nicht angriffslustig, wenn man sie richtig behandelt. Jeden M\u00e4rz und April verirrt sich\u00a0 eine oder zwei tief brummend fr\u00fch morgens zu mir durchs weit ge\u00f6ffnete Fenster in mein Zimmer und da sie allein nicht wieder hinausfinden, obliegt es mir dies zu tun. Bewaffnet mit einem Trinkglas, das ich \u00fcber sie st\u00fclpe und einem St\u00fcck Papier, das ich dann zwischen Hornisse\u00a0 und Fensterglas schiebe gelingt mir die Rettungsaktion auch jedesmal ausgezeichnet, f\u00fcr beide Teile. Die Hornisse kommt zur\u00fcck ins Freie und ich werde nicht gestochen. Was will man mehr!<\/p>\n","protected":false},"excerpt":{"rendered":"<p>&#8230; was mir im Gegensatz zu vielen meiner Zeitgenossen keine Probleme bereitet. Ich geh\u00f6re nicht zu denen, die Hornissen als gef\u00e4hrliche Monster betrachten. Gut, sie sind etwas gr\u00f6\u00dfer geraten, aber daf\u00fcr sind sie ruhig und friedlich, ja tr\u00e4ge und \u00fcberhaubt nicht angriffslustig, wenn man sie richtig behandelt. Jeden M\u00e4rz und April verirrt sich\u00a0 eine oder zwei tief brummend fr\u00fch morgens zu mir durchs weit ge\u00f6ffnete Fenster in mein Zimmer und da sie allein nicht wieder hinausfinden, obliegt es mir dies zu tun. Bewaffnet mit einem Trinkglas, das ich \u00fcber sie st\u00fclpe und einem St\u00fcck Papier, das ich dann zwischen Hornisse\u00a0 und Fensterglas schiebe gelingt mir die Rettungsaktion auch jedesmal ausgezeichnet, f\u00fcr beide Teile. Die Hornisse kommt zur\u00fcck ins Freie und ich werde nicht gestochen. Was will man mehr!<\/p>\n","protected":false},"author":1,"featured_media":0,"comment_status":"open","ping_status":"open","sticky":false,"template":"","format":"standard","meta":{"footnotes":""},"categories":[67,71,51,64],"tags":[],"jetpack_featured_media_url":"","_links":{"self":[{"href":"http:\/\/www.kunstgalerie-barbara.de\/blog\/wp-json\/wp\/v2\/posts\/15456"}],"collection":[{"href":"http:\/\/www.kunstgalerie-barbara.de\/blog\/wp-json\/wp\/v2\/posts"}],"about":[{"href":"http:\/\/www.kunstgalerie-barbara.de\/blog\/wp-json\/wp\/v2\/types\/post"}],"author":[{"embeddable":true,"href":"http:\/\/www.kunstgalerie-barbara.de\/blog\/wp-json\/wp\/v2\/users\/1"}],"replies":[{"embeddable":true,"href":"http:\/\/www.kunstgalerie-barbara.de\/blog\/wp-json\/wp\/v2\/comments?post=15456"}],"version-history":[{"count":1,"href":"http:\/\/www.kunstgalerie-barbara.de\/blog\/wp-json\/wp\/v2\/posts\/15456\/revisions"}],"predecessor-version":[{"id":15461,"href":"http:\/\/www.kunstgalerie-barbara.de\/blog\/wp-json\/wp\/v2\/posts\/15456\/revisions\/15461"}],"wp:attachment":[{"href":"http:\/\/www.kunstgalerie-barbara.de\/blog\/wp-json\/wp\/v2\/media?parent=15456"}],"wp:term":[{"taxonomy":"category","embeddable":true,"href":"http:\/\/www.kunstgalerie-barbara.de\/blog\/wp-json\/wp\/v2\/categories?post=15456"},{"taxonomy":"post_tag","embeddable":true,"href":"http:\/\/www.kunstgalerie-barbara.de\/blog\/wp-json\/wp\/v2\/tags?post=15456"}],"curies":[{"name":"wp","href":"https:\/\/api.w.org\/{rel}","templated":true}]}}