{"id":15480,"date":"2015-03-23T10:29:18","date_gmt":"2015-03-23T08:29:18","guid":{"rendered":"http:\/\/www.kunstgalerie-barbara.de\/blog\/?p=15480"},"modified":"2015-03-24T04:40:10","modified_gmt":"2015-03-24T02:40:10","slug":"bis-auf-die-linken-und-die-gruenen-sind-alle-uebrigen-parteien-des-bundestages-nicht-fuer-wasser-als-menschenrecht-und-haben-selbstverstaendlich-auch-so-abgestimmt-was-geht-nur-in-den-koepfen-der","status":"publish","type":"post","link":"http:\/\/www.kunstgalerie-barbara.de\/blog\/2015\/03\/bis-auf-die-linken-und-die-gruenen-sind-alle-uebrigen-parteien-des-bundestages-nicht-fuer-wasser-als-menschenrecht-und-haben-selbstverstaendlich-auch-so-abgestimmt-was-geht-nur-in-den-koepfen-der\/","title":{"rendered":"Bis auf die Linken und die Gr\u00fcnen sind alle \u00fcbrigen Parteien des Bundestages nicht f\u00fcr &#8220;Wasser als Menschenrecht&#8221; und haben selbstverst\u00e4ndlich auch so abgestimmt! Was geht nur in den K\u00f6pfen der von uns gew\u00e4hlten politischen Vertreter vor?"},"content":{"rendered":"<p>Link zum Deutschen Bundestag:<\/p>\n<p><a href=\"http:\/\/www.kunstgalerie-barbara.de\/blog\/wp-content\/uploads\/2015\/03\/Wasser.jpg\">http:\/\/www.bundestag.de\/bundestag\/plenum\/abstimmung\/grafik\/?id=213&amp;url=%2Fna%2Fna%2Ffraktion.form&amp;controller=fraktion<\/a><\/p>\n<p><a href=\"http:\/\/www.kunstgalerie-barbara.de\/blog\/wp-content\/uploads\/2015\/03\/Wasser.jpg\"><img loading=\"lazy\" decoding=\"async\" class=\"aligncenter wp-image-15481 size-full\" src=\"http:\/\/www.kunstgalerie-barbara.de\/blog\/wp-content\/uploads\/2015\/03\/Wasser.jpg\" alt=\"Wasser\" width=\"455\" height=\"600\" srcset=\"http:\/\/www.kunstgalerie-barbara.de\/blog\/wp-content\/uploads\/2015\/03\/Wasser.jpg 455w, http:\/\/www.kunstgalerie-barbara.de\/blog\/wp-content\/uploads\/2015\/03\/Wasser-228x300.jpg 228w\" sizes=\"(max-width: 455px) 100vw, 455px\" \/><\/a><\/p>\n","protected":false},"excerpt":{"rendered":"<p>Link zum Deutschen Bundestag: http:\/\/www.bundestag.de\/bundestag\/plenum\/abstimmung\/grafik\/?id=213&amp;url=%2Fna%2Fna%2Ffraktion.form&amp;controller=fraktion<\/p>\n","protected":false},"author":1,"featured_media":0,"comment_status":"open","ping_status":"open","sticky":false,"template":"","format":"standard","meta":{"footnotes":""},"categories":[42,40,51],"tags":[],"jetpack_featured_media_url":"","_links":{"self":[{"href":"http:\/\/www.kunstgalerie-barbara.de\/blog\/wp-json\/wp\/v2\/posts\/15480"}],"collection":[{"href":"http:\/\/www.kunstgalerie-barbara.de\/blog\/wp-json\/wp\/v2\/posts"}],"about":[{"href":"http:\/\/www.kunstgalerie-barbara.de\/blog\/wp-json\/wp\/v2\/types\/post"}],"author":[{"embeddable":true,"href":"http:\/\/www.kunstgalerie-barbara.de\/blog\/wp-json\/wp\/v2\/users\/1"}],"replies":[{"embeddable":true,"href":"http:\/\/www.kunstgalerie-barbara.de\/blog\/wp-json\/wp\/v2\/comments?post=15480"}],"version-history":[{"count":1,"href":"http:\/\/www.kunstgalerie-barbara.de\/blog\/wp-json\/wp\/v2\/posts\/15480\/revisions"}],"predecessor-version":[{"id":15490,"href":"http:\/\/www.kunstgalerie-barbara.de\/blog\/wp-json\/wp\/v2\/posts\/15480\/revisions\/15490"}],"wp:attachment":[{"href":"http:\/\/www.kunstgalerie-barbara.de\/blog\/wp-json\/wp\/v2\/media?parent=15480"}],"wp:term":[{"taxonomy":"category","embeddable":true,"href":"http:\/\/www.kunstgalerie-barbara.de\/blog\/wp-json\/wp\/v2\/categories?post=15480"},{"taxonomy":"post_tag","embeddable":true,"href":"http:\/\/www.kunstgalerie-barbara.de\/blog\/wp-json\/wp\/v2\/tags?post=15480"}],"curies":[{"name":"wp","href":"https:\/\/api.w.org\/{rel}","templated":true}]}}