{"id":15514,"date":"2015-03-30T11:53:45","date_gmt":"2015-03-30T09:53:45","guid":{"rendered":"http:\/\/www.kunstgalerie-barbara.de\/blog\/?p=15514"},"modified":"2015-03-30T11:54:38","modified_gmt":"2015-03-30T09:54:38","slug":"unsere-natur-in-den-startloechern","status":"publish","type":"post","link":"http:\/\/www.kunstgalerie-barbara.de\/blog\/2015\/03\/unsere-natur-in-den-startloechern\/","title":{"rendered":"Die Natur in den Startl\u00f6chern&#8230;"},"content":{"rendered":"<p><a href=\"http:\/\/www.kunstgalerie-barbara.de\/blog\/wp-content\/uploads\/2015\/03\/P1630952-Kopie.jpg\"><img loading=\"lazy\" decoding=\"async\" class=\"aligncenter wp-image-15515 size-full\" src=\"http:\/\/www.kunstgalerie-barbara.de\/blog\/wp-content\/uploads\/2015\/03\/P1630952-Kopie.jpg\" alt=\"P1630952 Kopie\" width=\"470\" height=\"317\" srcset=\"http:\/\/www.kunstgalerie-barbara.de\/blog\/wp-content\/uploads\/2015\/03\/P1630952-Kopie.jpg 470w, http:\/\/www.kunstgalerie-barbara.de\/blog\/wp-content\/uploads\/2015\/03\/P1630952-Kopie-300x202.jpg 300w\" sizes=\"(max-width: 470px) 100vw, 470px\" \/><\/a>&#8230;die Knospen unseres Bergahorns waren schon fix und fertig zum Austreiben bereit, als sich im letzten Herbst das Laub davon gemacht hatte! Jetzt aber dauert es nur noch kurze Zeit und die neuen Bl\u00e4tter sind da. Ein Wunder der Natur, an dem wir leider meist achtlos vor\u00fcber gehen und es f\u00fcr selbstverst\u00e4ndlich halten!<\/p>\n","protected":false},"excerpt":{"rendered":"<p>&#8230;die Knospen unseres Bergahorns waren schon fix und fertig zum Austreiben bereit, als sich im letzten Herbst das Laub davon gemacht hatte! Jetzt aber dauert es nur noch kurze Zeit und die neuen Bl\u00e4tter sind da. Ein Wunder der Natur, an dem wir leider meist achtlos vor\u00fcber gehen und es f\u00fcr selbstverst\u00e4ndlich halten!<\/p>\n","protected":false},"author":1,"featured_media":0,"comment_status":"open","ping_status":"open","sticky":false,"template":"","format":"standard","meta":{"footnotes":""},"categories":[26,67,51,64],"tags":[],"jetpack_featured_media_url":"","_links":{"self":[{"href":"http:\/\/www.kunstgalerie-barbara.de\/blog\/wp-json\/wp\/v2\/posts\/15514"}],"collection":[{"href":"http:\/\/www.kunstgalerie-barbara.de\/blog\/wp-json\/wp\/v2\/posts"}],"about":[{"href":"http:\/\/www.kunstgalerie-barbara.de\/blog\/wp-json\/wp\/v2\/types\/post"}],"author":[{"embeddable":true,"href":"http:\/\/www.kunstgalerie-barbara.de\/blog\/wp-json\/wp\/v2\/users\/1"}],"replies":[{"embeddable":true,"href":"http:\/\/www.kunstgalerie-barbara.de\/blog\/wp-json\/wp\/v2\/comments?post=15514"}],"version-history":[{"count":1,"href":"http:\/\/www.kunstgalerie-barbara.de\/blog\/wp-json\/wp\/v2\/posts\/15514\/revisions"}],"predecessor-version":[{"id":15517,"href":"http:\/\/www.kunstgalerie-barbara.de\/blog\/wp-json\/wp\/v2\/posts\/15514\/revisions\/15517"}],"wp:attachment":[{"href":"http:\/\/www.kunstgalerie-barbara.de\/blog\/wp-json\/wp\/v2\/media?parent=15514"}],"wp:term":[{"taxonomy":"category","embeddable":true,"href":"http:\/\/www.kunstgalerie-barbara.de\/blog\/wp-json\/wp\/v2\/categories?post=15514"},{"taxonomy":"post_tag","embeddable":true,"href":"http:\/\/www.kunstgalerie-barbara.de\/blog\/wp-json\/wp\/v2\/tags?post=15514"}],"curies":[{"name":"wp","href":"https:\/\/api.w.org\/{rel}","templated":true}]}}