{"id":15563,"date":"2015-04-06T05:50:42","date_gmt":"2015-04-06T03:50:42","guid":{"rendered":"http:\/\/www.kunstgalerie-barbara.de\/blog\/?p=15563"},"modified":"2015-04-06T05:50:42","modified_gmt":"2015-04-06T03:50:42","slug":"eine-von-so-einigen-halbwilden-hafenkatzen-in-bremerhaven-die-fuer-ordnung-in-ihrem-revier-sorgen-heisst-ratten-und-maeuse-dezimieren-in-freiheit-leben-bedeutet-viele-kaempfe-mit-artgenossen-und-mi","status":"publish","type":"post","link":"http:\/\/www.kunstgalerie-barbara.de\/blog\/2015\/04\/eine-von-so-einigen-halbwilden-hafenkatzen-in-bremerhaven-die-fuer-ordnung-in-ihrem-revier-sorgen-heisst-ratten-und-maeuse-dezimieren-in-freiheit-leben-bedeutet-viele-kaempfe-mit-artgenossen-und-mi\/","title":{"rendered":"Eine von so einigen halbwilden Hafenkatzen in Bremerhaven, die f\u00fcr Ordnung in ihrem Revier sorgen, hei\u00dft Ratten und M\u00e4use dezimieren. In Freiheit leben bedeutet viele K\u00e4mpfe mit Artgenossen und mitunter seiner Beute austragen und so schaut man dann halt auch aus, etwas berissen und angebissen ;-)"},"content":{"rendered":"<p><a href=\"http:\/\/www.kunstgalerie-barbara.de\/blog\/wp-content\/uploads\/2015\/04\/P1640243-Kopie.jpg\"><img loading=\"lazy\" decoding=\"async\" class=\"aligncenter wp-image-15564 size-full\" src=\"http:\/\/www.kunstgalerie-barbara.de\/blog\/wp-content\/uploads\/2015\/04\/P1640243-Kopie.jpg\" alt=\"P1640243 Kopie\" width=\"470\" height=\"315\" srcset=\"http:\/\/www.kunstgalerie-barbara.de\/blog\/wp-content\/uploads\/2015\/04\/P1640243-Kopie.jpg 470w, http:\/\/www.kunstgalerie-barbara.de\/blog\/wp-content\/uploads\/2015\/04\/P1640243-Kopie-300x201.jpg 300w\" sizes=\"(max-width: 470px) 100vw, 470px\" \/><\/a><\/p>\n","protected":false},"excerpt":{"rendered":"","protected":false},"author":1,"featured_media":0,"comment_status":"open","ping_status":"open","sticky":false,"template":"","format":"standard","meta":{"footnotes":""},"categories":[70,71,51,64],"tags":[],"jetpack_featured_media_url":"","_links":{"self":[{"href":"http:\/\/www.kunstgalerie-barbara.de\/blog\/wp-json\/wp\/v2\/posts\/15563"}],"collection":[{"href":"http:\/\/www.kunstgalerie-barbara.de\/blog\/wp-json\/wp\/v2\/posts"}],"about":[{"href":"http:\/\/www.kunstgalerie-barbara.de\/blog\/wp-json\/wp\/v2\/types\/post"}],"author":[{"embeddable":true,"href":"http:\/\/www.kunstgalerie-barbara.de\/blog\/wp-json\/wp\/v2\/users\/1"}],"replies":[{"embeddable":true,"href":"http:\/\/www.kunstgalerie-barbara.de\/blog\/wp-json\/wp\/v2\/comments?post=15563"}],"version-history":[{"count":1,"href":"http:\/\/www.kunstgalerie-barbara.de\/blog\/wp-json\/wp\/v2\/posts\/15563\/revisions"}],"predecessor-version":[{"id":15565,"href":"http:\/\/www.kunstgalerie-barbara.de\/blog\/wp-json\/wp\/v2\/posts\/15563\/revisions\/15565"}],"wp:attachment":[{"href":"http:\/\/www.kunstgalerie-barbara.de\/blog\/wp-json\/wp\/v2\/media?parent=15563"}],"wp:term":[{"taxonomy":"category","embeddable":true,"href":"http:\/\/www.kunstgalerie-barbara.de\/blog\/wp-json\/wp\/v2\/categories?post=15563"},{"taxonomy":"post_tag","embeddable":true,"href":"http:\/\/www.kunstgalerie-barbara.de\/blog\/wp-json\/wp\/v2\/tags?post=15563"}],"curies":[{"name":"wp","href":"https:\/\/api.w.org\/{rel}","templated":true}]}}