{"id":15581,"date":"2015-04-10T15:12:30","date_gmt":"2015-04-10T13:12:30","guid":{"rendered":"http:\/\/www.kunstgalerie-barbara.de\/blog\/?p=15581"},"modified":"2015-04-10T15:12:30","modified_gmt":"2015-04-10T13:12:30","slug":"15581","status":"publish","type":"post","link":"http:\/\/www.kunstgalerie-barbara.de\/blog\/2015\/04\/15581\/","title":{"rendered":""},"content":{"rendered":"<p><strong><img decoding=\"async\" src=\"https:\/\/www.lobbycontrol.de\/wp-images\/Lobbycontrol-Logo-135px.png\" alt=\"LobbyControl \u2013 Initiative f\u00fcr Transparenz und Demokratie\" \/><\/strong><\/p>\n<p>&nbsp;<\/p>\n<p>Aktion: Transparenz bei TISA jetzt!<\/p>\n<article id=\"post-21215\" class=\"post-21215 post type-post status-publish format-standard has-post-thumbnail hentry category-uncategorized tag-aktion tag-tisa\">\n<div class=\"single-entry-content\">\n<p>Transparenz bei TISA? Die ist in der Tat \u00fcberf\u00e4llig. Das internationale Dienstleistungsabkommen wird ebenso wie TTIP und CETA hinter verschlossenen T\u00fcren verhandelt. Dabei k\u00f6nnten unter Dienstleistungen auch so wichtige Bereiche wie Energie- und Wasserversorgung, Gesundheit, Bildung oder Medien fallen. Wir wollen wissen, was verhandelt wird \u2013 darauf haben wir als B\u00fcrgerinnen und B\u00fcrger ein Recht. <strong>Bitte unterzeichnen Sie deshalb jetzt unseren Appell an Handelskommissarin Malmstr\u00f6m und fordern Sie Transparenz bei TISA!<\/strong><\/p>\n<p>Die Gelegenheit ist gut, den Druck auf die EU-Kommission zu vergr\u00f6\u00dfern, denn die n\u00e4chste Verhandlungsrunde in Genf steht unmittelbar bevor. Deshalb m\u00fcssen wir jetzt den Druck auf Handelskommissarin Malmstr\u00f6m erh\u00f6hen, so dass sie die \u00fcberf\u00e4lligen Transparenzma\u00dfnahmen endlich ergreift.<\/p>\n<div id=\"dk-speakup-petition-12\" class=\"dk-speakup-petition-wrap\">\n<form class=\"dk-speakup-petition\">\n<div class=\"adress_area\">\n<div class=\"dk-speakup-half\"><label class=\"required\" for=\"dk-speakup-first-name-12\">Vorname<\/label> <input id=\"dk-speakup-first-name-12\" class=\"dk-speakup-first-name\" name=\"dk-speakup-first-name\" type=\"text\" value=\"\" \/><\/div>\n<div class=\"dk-speakup-half\"><label class=\"required\" for=\"dk-speakup-last-name-12\">Nachname<\/label> <input id=\"dk-speakup-last-name-12\" class=\"dk-speakup-last-name\" name=\"dk-speakup-last-name\" type=\"text\" value=\"\" \/><\/div>\n<div class=\"dk-speakup-full\"><label class=\"required\" for=\"dk-speakup-email-12\">Email<\/label> <input id=\"dk-speakup-email-12\" class=\"dk-speakup-email\" name=\"dk-speakup-email\" type=\"text\" value=\"\" \/><\/div>\n<div class=\"dk-speakup-full\"><label class=\"\" for=\"dk-speakup-street-12\">Stra\u00dfe<\/label> <input id=\"dk-speakup-street-12\" class=\"dk-speakup-street\" maxlength=\"200\" name=\"dk-speakup-street\" type=\"text\" \/><\/div>\n<div class=\"dk-speakup-half\"><label class=\"\" for=\"dk-speakup-postcode-12\">Postleitzahl<\/label> <input id=\"dk-speakup-postcode-12\" class=\"dk-speakup-postcode\" maxlength=\"200\" name=\"dk-speakup-postcode\" type=\"text\" \/><\/div>\n<div class=\"dk-speakup-half\"><label class=\"\" for=\"dk-speakup-city-12\">Stadt<\/label> <input id=\"dk-speakup-city-12\" class=\"dk-speakup-city\" maxlength=\"200\" name=\"dk-speakup-city\" type=\"text\" \/><\/div>\n<\/div>\n<div class=\"dk-speakup-full\">\n<div id=\"dk-speakup-message-12\" class=\"dk-speakup-message\">\n<p>Sehr geehrte Frau Handelskommissarin Malmstr\u00f6m,<\/p>\n<p>TISA wird im Geheimen in Genf verhandelt. Rund 70 Prozent der Weltwirtschaft sitzen am Verhandlungstisch und entscheiden \u00fcber die Liberalisierung von Dienstleistungen weltweit. Gleichzeitig wei\u00df keiner von uns genau, was eigentlich dort verhandelt wird.<\/p>\n<p>Die neue EU-Kommission unter Jean-Claude Juncker hat mehr Transparenz angek\u00fcndigt. Jetzt k\u00f6nnen Sie zeigen, dass dieses Versprechen ernst gemeint ist. Nach der Ver\u00f6ffentlichung des zwei Jahre alten TISA-Verhandlungsmandats vor einigen Wochen muss die Kommission jetzt echte Transparenz schaffen und weitere Schritte folgen lassen.<\/p>\n<p>Denn nur auf Basis von mehr Informationen k\u00f6nnen wir eine gut fundierte, \u00f6ffentliche und kontroverse Debatte \u00fcber TISA f\u00fchren. Dazu k\u00f6nnen Sie von heute auf morgen einen Beitrag leisten und<\/p>\n<p>(1) ihre Verhandlungspositionen f\u00fcr alle Verhandlungsbereiche offenlegen<br \/>\n(2) auf die Ver\u00f6ffentlichung des gemeinsamen Verhandlungstextes bestehen<br \/>\n(3) regelm\u00e4\u00dfige \u00f6ffentliche Konsultationen rund um die TISA-Verhandlungen organisieren.<\/p>\n<p>Mit freundlichen Gr\u00fc\u00dfen<\/p>\n<\/div>\n<\/div>\n<div class=\"dk-speakup-optin-wrap\"><input id=\"dk-speakup-optin-12\" class=\"dk-speakup-optin\" checked=\"checked\" name=\"dk-speakup-optin\" type=\"checkbox\" \/> <label for=\"dk-speakup-optin-12\">Nehmen Sie mich in Ihren E-Mail Verteiler auf.<\/label><\/div>\n<div class=\"dk-speakup-submit-wrap\"><a class=\"dk-speakup-submit\" name=\"dk-speakup-petition-12\"><\/a>Unterzeichnen!<\/div>\n<div class=\"dk-speakup-progress-wrap\">\n<div class=\"dk-speakup-signature-count\">6,345 Unterschriften<\/div>\n<div class=\"dk-speakup-clear\"><\/div>\n<\/div>\n<\/form>\n<\/div>\n<p><strong>Datenschutzhinweis:<\/strong> Ihren Namen werden wir in einer Aktion an die zust\u00e4ndigen Politiker \u00fcberreichen. Eine langfristige Speicherung erfolgt nur, wenn Sie unseren Newsletter bestellen. Wir geben Ihre Daten keinesfalls an Dritte weiter. Sie k\u00f6nnen der Speicherung und Nutzung Ihrer Daten jederzeit widersprechen.<\/p>\n<h1>Hintergrund der Aktion<\/h1>\n<p>B\u00fcrgerinnen und B\u00fcrger sind zurecht emp\u00f6rt dar\u00fcber, dass die Verhandlungen zu Handelsabkommen in Europa so intransparent ablaufen und eine wirkliche Beteiligung von Zivilgesellschaft und breiter \u00d6ffentlichkeit nicht stattfindet. Ob bei TISA, den TTIP-Verhandlungen mit den USA oder dem CETA-Abkommen mit Kanada. Stets hat erst \u00f6ffentlicher Druck dazu gef\u00fchrt, dass \u00fcberhaupt vereinzelte relevante Informationen an die \u00d6ffentlichkeit gelangten.<\/p>\n<p>\u00dcber das geplante Dienstleistungsabkommen TISA ist bis heute wenig bekannt. Dabei verhandeln dort 23 L\u00e4nder \u00fcber eine weitgehende Liberalisierung von Dienstleistungen. Darunter werden in der Handelspolitik auch so zentrale Bereiche wie Wasserversorgung, Gesundheit, Bildung, Kultur und Medien verstanden.<\/p>\n<h2>UN-Klimaverhandlungen zeigen: Transparenz ist m\u00f6glich!<\/h2>\n<p>Eine solch undurchsichtige Politik untergr\u00e4bt das Vertrauen der Europ\u00e4er in die EU-Institutionen. Der Verweis der EU-Kommission darauf, dass internationale Verhandlungen solcher Tragweite stets im Geheimen stattfinden, ist schlichtweg falsch. Im Rahmen der UN-Klimaverhandlungen oder der Welthandelsorganisation (WTO) wird wesentlich transparenter verhandelt.<\/p>\n<h2>Transparenz in der europ\u00e4ischen Handelspolitik st\u00e4rken<\/h2>\n<p>Deshalb ist es an der Zeit, dass die EU-Kommission Konsequenzen aus der \u00f6ffentlichen Kritik zieht und mehr Transparenz herstellt. Dies liegt in der Hand der Kommission, insbesondere in der von Handelskommissarin Cecilia Malmstr\u00f6m. Sie kann das Ma\u00df der \u00d6ffentlichkeit bei den Verhandlungen bestimmen. Wir fordern, dass die Kommission nun endlich die Texte aller derzeit laufenden Verhandlungen ver\u00f6ffentlicht und f\u00fcr eine breitere Beteiligung der Zivilgesellschaft sorgt. Gemeinsam k\u00f6nnen wir daf\u00fcr sorgen, dass jetzt Bewegung in die Sache kommt!<\/p>\n<p>Daf\u00fcr brauchen wir Ihre Unterst\u00fctzung! Unterzeichnen Sie jetzt unseren Appell f\u00fcr Transparenz bei TISA!<\/p>\n<p>Je mehr unterzeichnen, desto schwerer kann sich EU-Handelskommissarin Malmstr\u00f6m dem \u00f6ffentlichen Druck entziehen. Zus\u00e4tzlich zu der Aktion wollen wir die n\u00e4chsten Wochen mit \u00d6ffentlichkeitsarbeit und Aktionen weiter Druck machen. Unterschreiben Sie jetzt! Unser Protest findet nicht allein online statt. Wir werden mit den Unterschriften nach Br\u00fcssel fahren und dort der EU-Kommission die Unterschriften \u00fcbergeben.<\/p>\n<div class=\"clear\"><\/div>\n<footer class=\"single-entry-meta\">Schlagw\u00f6rter: <a href=\"https:\/\/www.lobbycontrol.de\/tag\/aktion\/\" rel=\"tag\">Aktion<\/a>, <a href=\"https:\/\/www.lobbycontrol.de\/tag\/tisa\/\" rel=\"tag\">TISA<\/a> | <a href=\"https:\/\/www.lobbycontrol.de\/2015\/04\/aktion-transparenz-bei-tisa-jetzt\/\">Permalink<\/a><\/p>\n<\/footer>\n<\/div>\n<\/article>\n<div class=\"clear\"><\/div>\n","protected":false},"excerpt":{"rendered":"<p>&nbsp; Aktion: Transparenz bei TISA jetzt! Transparenz bei TISA? Die ist in der Tat \u00fcberf\u00e4llig. Das internationale Dienstleistungsabkommen wird ebenso wie TTIP und CETA hinter verschlossenen T\u00fcren verhandelt. Dabei k\u00f6nnten unter Dienstleistungen auch so wichtige Bereiche wie Energie- und Wasserversorgung, Gesundheit, Bildung oder Medien fallen. Wir wollen wissen, was verhandelt wird \u2013 darauf haben wir als B\u00fcrgerinnen und B\u00fcrger ein Recht. Bitte unterzeichnen Sie deshalb jetzt unseren Appell an Handelskommissarin Malmstr\u00f6m und fordern Sie Transparenz bei TISA! Die Gelegenheit ist gut, den Druck auf die EU-Kommission zu vergr\u00f6\u00dfern, denn die n\u00e4chste Verhandlungsrunde in Genf steht unmittelbar bevor. Deshalb m\u00fcssen wir jetzt den Druck auf Handelskommissarin Malmstr\u00f6m erh\u00f6hen, so dass sie die \u00fcberf\u00e4lligen Transparenzma\u00dfnahmen endlich ergreift. Vorname Nachname Email Stra\u00dfe Postleitzahl Stadt Sehr geehrte Frau Handelskommissarin Malmstr\u00f6m, TISA wird im Geheimen in Genf verhandelt. Rund 70 Prozent der Weltwirtschaft sitzen am Verhandlungstisch und entscheiden \u00fcber die Liberalisierung von Dienstleistungen weltweit. Gleichzeitig wei\u00df keiner von uns genau, was eigentlich dort verhandelt wird. Die neue EU-Kommission unter Jean-Claude Juncker hat mehr Transparenz angek\u00fcndigt. Jetzt k\u00f6nnen Sie zeigen, dass dieses Versprechen ernst gemeint ist. Nach der Ver\u00f6ffentlichung des zwei Jahre alten TISA-Verhandlungsmandats vor einigen Wochen muss die Kommission jetzt echte Transparenz schaffen und weitere Schritte folgen lassen. Denn nur auf Basis von mehr Informationen k\u00f6nnen wir eine gut fundierte, \u00f6ffentliche und kontroverse Debatte \u00fcber TISA f\u00fchren. Dazu k\u00f6nnen Sie von heute auf morgen einen Beitrag leisten und (1) ihre Verhandlungspositionen f\u00fcr alle Verhandlungsbereiche offenlegen (2) auf die Ver\u00f6ffentlichung des gemeinsamen Verhandlungstextes bestehen (3) regelm\u00e4\u00dfige \u00f6ffentliche Konsultationen rund um die TISA-Verhandlungen organisieren. Mit freundlichen Gr\u00fc\u00dfen Nehmen Sie mich in Ihren E-Mail Verteiler auf. Unterzeichnen! 6,345 Unterschriften Datenschutzhinweis: Ihren Namen werden wir in einer Aktion an die zust\u00e4ndigen Politiker \u00fcberreichen. Eine langfristige Speicherung erfolgt nur, wenn Sie unseren Newsletter bestellen. Wir geben Ihre Daten keinesfalls an Dritte weiter. Sie k\u00f6nnen der Speicherung und Nutzung Ihrer Daten jederzeit widersprechen. Hintergrund der Aktion B\u00fcrgerinnen und B\u00fcrger sind zurecht emp\u00f6rt dar\u00fcber, dass die Verhandlungen zu Handelsabkommen in Europa so intransparent ablaufen und eine wirkliche Beteiligung von Zivilgesellschaft und breiter \u00d6ffentlichkeit nicht stattfindet. Ob bei TISA, den TTIP-Verhandlungen mit den USA oder dem CETA-Abkommen mit Kanada. Stets hat erst \u00f6ffentlicher Druck dazu gef\u00fchrt, dass \u00fcberhaupt vereinzelte relevante Informationen an die \u00d6ffentlichkeit gelangten. \u00dcber das geplante Dienstleistungsabkommen TISA ist bis heute wenig bekannt. Dabei verhandeln dort 23 L\u00e4nder \u00fcber eine weitgehende Liberalisierung von Dienstleistungen. Darunter werden in der Handelspolitik auch so zentrale Bereiche wie Wasserversorgung, Gesundheit, Bildung, Kultur und Medien verstanden. UN-Klimaverhandlungen zeigen: Transparenz ist m\u00f6glich! Eine solch undurchsichtige Politik untergr\u00e4bt das Vertrauen der Europ\u00e4er in die EU-Institutionen. Der Verweis der EU-Kommission darauf, dass internationale Verhandlungen solcher Tragweite stets im Geheimen stattfinden, ist schlichtweg falsch. Im Rahmen der UN-Klimaverhandlungen oder der Welthandelsorganisation (WTO) wird wesentlich transparenter verhandelt. Transparenz in der europ\u00e4ischen Handelspolitik st\u00e4rken Deshalb ist es an der Zeit, dass die EU-Kommission Konsequenzen aus der \u00f6ffentlichen Kritik zieht und mehr Transparenz herstellt. Dies liegt in der Hand der Kommission, insbesondere in der von Handelskommissarin Cecilia Malmstr\u00f6m. Sie kann das Ma\u00df der \u00d6ffentlichkeit bei den Verhandlungen bestimmen. Wir fordern, dass die Kommission nun endlich die Texte aller derzeit laufenden Verhandlungen ver\u00f6ffentlicht und f\u00fcr eine breitere Beteiligung der Zivilgesellschaft sorgt. Gemeinsam k\u00f6nnen wir daf\u00fcr sorgen, dass jetzt Bewegung in die Sache kommt! Daf\u00fcr brauchen wir Ihre Unterst\u00fctzung! Unterzeichnen Sie jetzt unseren Appell f\u00fcr Transparenz bei TISA! Je mehr unterzeichnen, desto schwerer kann sich EU-Handelskommissarin Malmstr\u00f6m dem \u00f6ffentlichen Druck entziehen. Zus\u00e4tzlich zu der Aktion wollen wir die n\u00e4chsten Wochen mit \u00d6ffentlichkeitsarbeit und Aktionen weiter Druck machen. Unterschreiben Sie jetzt! Unser Protest findet nicht allein online statt. Wir werden mit den Unterschriften nach Br\u00fcssel fahren und dort der EU-Kommission die Unterschriften \u00fcbergeben. Schlagw\u00f6rter: Aktion, TISA | Permalink<\/p>\n","protected":false},"author":1,"featured_media":0,"comment_status":"open","ping_status":"open","sticky":false,"template":"","format":"standard","meta":{"footnotes":""},"categories":[42,40,51,64],"tags":[],"jetpack_featured_media_url":"","_links":{"self":[{"href":"http:\/\/www.kunstgalerie-barbara.de\/blog\/wp-json\/wp\/v2\/posts\/15581"}],"collection":[{"href":"http:\/\/www.kunstgalerie-barbara.de\/blog\/wp-json\/wp\/v2\/posts"}],"about":[{"href":"http:\/\/www.kunstgalerie-barbara.de\/blog\/wp-json\/wp\/v2\/types\/post"}],"author":[{"embeddable":true,"href":"http:\/\/www.kunstgalerie-barbara.de\/blog\/wp-json\/wp\/v2\/users\/1"}],"replies":[{"embeddable":true,"href":"http:\/\/www.kunstgalerie-barbara.de\/blog\/wp-json\/wp\/v2\/comments?post=15581"}],"version-history":[{"count":1,"href":"http:\/\/www.kunstgalerie-barbara.de\/blog\/wp-json\/wp\/v2\/posts\/15581\/revisions"}],"predecessor-version":[{"id":15582,"href":"http:\/\/www.kunstgalerie-barbara.de\/blog\/wp-json\/wp\/v2\/posts\/15581\/revisions\/15582"}],"wp:attachment":[{"href":"http:\/\/www.kunstgalerie-barbara.de\/blog\/wp-json\/wp\/v2\/media?parent=15581"}],"wp:term":[{"taxonomy":"category","embeddable":true,"href":"http:\/\/www.kunstgalerie-barbara.de\/blog\/wp-json\/wp\/v2\/categories?post=15581"},{"taxonomy":"post_tag","embeddable":true,"href":"http:\/\/www.kunstgalerie-barbara.de\/blog\/wp-json\/wp\/v2\/tags?post=15581"}],"curies":[{"name":"wp","href":"https:\/\/api.w.org\/{rel}","templated":true}]}}