{"id":15592,"date":"2015-04-14T10:39:22","date_gmt":"2015-04-14T08:39:22","guid":{"rendered":"http:\/\/www.kunstgalerie-barbara.de\/blog\/?p=15592"},"modified":"2015-04-14T10:39:22","modified_gmt":"2015-04-14T08:39:22","slug":"dem-aktuellen-jahresbericht-des-internationalen-friedensforschungsinstituts-sipri-zufolge-betrugen-die-weltweiten-militaerausgaben-2014-1776-billionen-1-776-000-000-000-us-dollar-das-ist-eine-so","status":"publish","type":"post","link":"http:\/\/www.kunstgalerie-barbara.de\/blog\/2015\/04\/dem-aktuellen-jahresbericht-des-internationalen-friedensforschungsinstituts-sipri-zufolge-betrugen-die-weltweiten-militaerausgaben-2014-1776-billionen-1-776-000-000-000-us-dollar-das-ist-eine-so\/","title":{"rendered":"Dem aktuellen Jahresbericht des Internationalen Friedensforschungsinstituts Sipri zufolge betrugen die weltweiten Milit\u00e4rausgaben 2014 1,776 Billionen &#8211; 1.776.000.000.000 &#8211; US-Dollar. Das ist eine so irrsinnig hohe Summe. Deutschland belegt immerhin Platz 8 unter den globalen R\u00fcstungsriesen."},"content":{"rendered":"<div>\n<div class=\"_5r69\">\n<div class=\"clearfix mtm\"><a class=\"lfloat _ohe\" href=\"https:\/\/www.facebook.com\/gregor.gysi\/posts\/10152639161902693\" data-gt=\"{&quot;entity_id&quot;:&quot;42497482692&quot;,&quot;entity_path&quot;:&quot;WebPermalinkStreamController&quot;}\" data-hovercard=\"\/ajax\/hovercard\/page.php?id=42497482692\"><img decoding=\"async\" class=\"_s0 _54ru img\" src=\"https:\/\/fbcdn-profile-a.akamaihd.net\/hprofile-ak-xap1\/v\/t1.0-1\/p32x32\/1157388_10151519920302693_796960924_n.png?oh=3c05bcedd8438da7bf097a97ef1ce9a3&amp;oe=55E4A03F&amp;__gda__=1436084456_d57510e729e87820a0e2d1b37fd41630\" alt=\"\" \/><\/a><\/p>\n<div class=\"plm _42ef\">\n<div class=\"mbs fwn fcg\" data-ft=\"{&quot;tn&quot;:&quot;C&quot;}\">\n<div class=\"_5pcn fwb\" data-ft=\"{&quot;tn&quot;:&quot;k&quot;}\"><a href=\"https:\/\/www.facebook.com\/gregor.gysi\/posts\/10152639161902693?fref=nf\">Gregor Gysi<\/a><\/div>\n<\/div>\n<div class=\"mtm _5pco\" data-ft=\"{&quot;tn&quot;:&quot;K&quot;}\">\n<p>\u00a0Die USA sind weiterhin Spitzenreiter mit einem Milit\u00e4rbudget von 610 Milliarden US-Dollar, was einen Anteil von 34 Prozent an den weltweiten Ausgaben ausmacht. Auff\u00e4llig ist, dass Staaten in Mittelosteuropa, im Mittleren Osten, Afrika und Asien massiv aufr\u00fcsten. In der Ukraine beispielsweise stiegen die Ausgaben 2014 um 23 Prozent und sollen 2015 nochmals verdoppelt werden. \u00c4hnlich verh\u00e4lt es sich in den baltischen Staaten. Auch Russland erh\u00f6ht seine R\u00fcstungsausgaben. Diese Ausgaben sind insgesamt weit entfernt von jedem vern\u00fcnftigen Menschenverstand. Bis heute hat mir auch noch niemand die Frage beantwortet, wie viel Geld ein Staat tats\u00e4chlich und ausschlie\u00dflich f\u00fcr seine Verteidigung ausgeben m\u00fcsste. Die Regierungen investieren zu viel in den Tod und viel zu wenig in die Zukunft.<\/p>\n<\/div>\n<\/div>\n<\/div>\n<\/div>\n<\/div>\n","protected":false},"excerpt":{"rendered":"<p>Gregor Gysi \u00a0Die USA sind weiterhin Spitzenreiter mit einem Milit\u00e4rbudget von 610 Milliarden US-Dollar, was einen Anteil von 34 Prozent an den weltweiten Ausgaben ausmacht. Auff\u00e4llig ist, dass Staaten in Mittelosteuropa, im Mittleren Osten, Afrika und Asien massiv aufr\u00fcsten. In der Ukraine beispielsweise stiegen die Ausgaben 2014 um 23 Prozent und sollen 2015 nochmals verdoppelt werden. \u00c4hnlich verh\u00e4lt es sich in den baltischen Staaten. Auch Russland erh\u00f6ht seine R\u00fcstungsausgaben. Diese Ausgaben sind insgesamt weit entfernt von jedem vern\u00fcnftigen Menschenverstand. Bis heute hat mir auch noch niemand die Frage beantwortet, wie viel Geld ein Staat tats\u00e4chlich und ausschlie\u00dflich f\u00fcr seine Verteidigung ausgeben m\u00fcsste. Die Regierungen investieren zu viel in den Tod und viel zu wenig in die Zukunft.<\/p>\n","protected":false},"author":1,"featured_media":0,"comment_status":"open","ping_status":"open","sticky":false,"template":"","format":"standard","meta":{"footnotes":""},"categories":[42,40,51],"tags":[],"jetpack_featured_media_url":"","_links":{"self":[{"href":"http:\/\/www.kunstgalerie-barbara.de\/blog\/wp-json\/wp\/v2\/posts\/15592"}],"collection":[{"href":"http:\/\/www.kunstgalerie-barbara.de\/blog\/wp-json\/wp\/v2\/posts"}],"about":[{"href":"http:\/\/www.kunstgalerie-barbara.de\/blog\/wp-json\/wp\/v2\/types\/post"}],"author":[{"embeddable":true,"href":"http:\/\/www.kunstgalerie-barbara.de\/blog\/wp-json\/wp\/v2\/users\/1"}],"replies":[{"embeddable":true,"href":"http:\/\/www.kunstgalerie-barbara.de\/blog\/wp-json\/wp\/v2\/comments?post=15592"}],"version-history":[{"count":1,"href":"http:\/\/www.kunstgalerie-barbara.de\/blog\/wp-json\/wp\/v2\/posts\/15592\/revisions"}],"predecessor-version":[{"id":15593,"href":"http:\/\/www.kunstgalerie-barbara.de\/blog\/wp-json\/wp\/v2\/posts\/15592\/revisions\/15593"}],"wp:attachment":[{"href":"http:\/\/www.kunstgalerie-barbara.de\/blog\/wp-json\/wp\/v2\/media?parent=15592"}],"wp:term":[{"taxonomy":"category","embeddable":true,"href":"http:\/\/www.kunstgalerie-barbara.de\/blog\/wp-json\/wp\/v2\/categories?post=15592"},{"taxonomy":"post_tag","embeddable":true,"href":"http:\/\/www.kunstgalerie-barbara.de\/blog\/wp-json\/wp\/v2\/tags?post=15592"}],"curies":[{"name":"wp","href":"https:\/\/api.w.org\/{rel}","templated":true}]}}