{"id":15618,"date":"2015-04-20T08:20:40","date_gmt":"2015-04-20T06:20:40","guid":{"rendered":"http:\/\/www.kunstgalerie-barbara.de\/blog\/?p=15618"},"modified":"2015-04-20T08:28:22","modified_gmt":"2015-04-20T06:28:22","slug":"alles-spriesst-auch-da-wos-nicht-hingehoert-aber-so-ist-zum-glueck-mutter-natur-nun-einmal","status":"publish","type":"post","link":"http:\/\/www.kunstgalerie-barbara.de\/blog\/2015\/04\/alles-spriesst-auch-da-wos-nicht-hingehoert-aber-so-ist-zum-glueck-mutter-natur-nun-einmal\/","title":{"rendered":"Alles sprie\u00dft auch da wo&#8217;s nicht hingeh\u00f6rt, aber so ist  Mutter Natur zum Gl\u00fcck nun einmal&#8230;"},"content":{"rendered":"<p><a href=\"http:\/\/www.kunstgalerie-barbara.de\/blog\/wp-content\/uploads\/2015\/04\/P1640913-Kopie.jpg\"><img loading=\"lazy\" decoding=\"async\" class=\"aligncenter wp-image-15619 size-full\" src=\"http:\/\/www.kunstgalerie-barbara.de\/blog\/wp-content\/uploads\/2015\/04\/P1640913-Kopie.jpg\" alt=\"P1640913 Kopie\" width=\"470\" height=\"315\" srcset=\"http:\/\/www.kunstgalerie-barbara.de\/blog\/wp-content\/uploads\/2015\/04\/P1640913-Kopie.jpg 470w, http:\/\/www.kunstgalerie-barbara.de\/blog\/wp-content\/uploads\/2015\/04\/P1640913-Kopie-300x201.jpg 300w\" sizes=\"(max-width: 470px) 100vw, 470px\" \/><\/a>Wenn wir wollten k\u00f6nnten wir mit den Ahornspr\u00f6\u00dflingen einen schwunghaften Handel aufmachen oder einen Ahornwald anpflanzen, denn Mutter Natur macht nicht nur was sie will, sie kann auch sehr verschwenderisch sein, was nicht immer unbedingt unproblematisch ist!<\/p>\n","protected":false},"excerpt":{"rendered":"<p>Wenn wir wollten k\u00f6nnten wir mit den Ahornspr\u00f6\u00dflingen einen schwunghaften Handel aufmachen oder einen Ahornwald anpflanzen, denn Mutter Natur macht nicht nur was sie will, sie kann auch sehr verschwenderisch sein, was nicht immer unbedingt unproblematisch ist!<\/p>\n","protected":false},"author":1,"featured_media":0,"comment_status":"open","ping_status":"open","sticky":false,"template":"","format":"standard","meta":{"footnotes":""},"categories":[26,67,51],"tags":[],"jetpack_featured_media_url":"","_links":{"self":[{"href":"http:\/\/www.kunstgalerie-barbara.de\/blog\/wp-json\/wp\/v2\/posts\/15618"}],"collection":[{"href":"http:\/\/www.kunstgalerie-barbara.de\/blog\/wp-json\/wp\/v2\/posts"}],"about":[{"href":"http:\/\/www.kunstgalerie-barbara.de\/blog\/wp-json\/wp\/v2\/types\/post"}],"author":[{"embeddable":true,"href":"http:\/\/www.kunstgalerie-barbara.de\/blog\/wp-json\/wp\/v2\/users\/1"}],"replies":[{"embeddable":true,"href":"http:\/\/www.kunstgalerie-barbara.de\/blog\/wp-json\/wp\/v2\/comments?post=15618"}],"version-history":[{"count":1,"href":"http:\/\/www.kunstgalerie-barbara.de\/blog\/wp-json\/wp\/v2\/posts\/15618\/revisions"}],"predecessor-version":[{"id":15623,"href":"http:\/\/www.kunstgalerie-barbara.de\/blog\/wp-json\/wp\/v2\/posts\/15618\/revisions\/15623"}],"wp:attachment":[{"href":"http:\/\/www.kunstgalerie-barbara.de\/blog\/wp-json\/wp\/v2\/media?parent=15618"}],"wp:term":[{"taxonomy":"category","embeddable":true,"href":"http:\/\/www.kunstgalerie-barbara.de\/blog\/wp-json\/wp\/v2\/categories?post=15618"},{"taxonomy":"post_tag","embeddable":true,"href":"http:\/\/www.kunstgalerie-barbara.de\/blog\/wp-json\/wp\/v2\/tags?post=15618"}],"curies":[{"name":"wp","href":"https:\/\/api.w.org\/{rel}","templated":true}]}}