{"id":15690,"date":"2015-05-05T08:11:29","date_gmt":"2015-05-05T06:11:29","guid":{"rendered":"http:\/\/www.kunstgalerie-barbara.de\/blog\/?p=15690"},"modified":"2015-05-06T07:57:22","modified_gmt":"2015-05-06T05:57:22","slug":"kommt-nicht-so-rueber-aber-dies-ist-vorsortierter-plastikmuell-der-wie-wir-gelernt-haben-vermutlich-verheizt-wird-bevor-er-dies-wird-kann-man-sich-ja-noch-fotografisch-ueber-ihn-hermachen-und-bew","status":"publish","type":"post","link":"http:\/\/www.kunstgalerie-barbara.de\/blog\/2015\/05\/kommt-nicht-so-rueber-aber-dies-ist-vorsortierter-plastikmuell-der-wie-wir-gelernt-haben-vermutlich-verheizt-wird-bevor-er-dies-wird-kann-man-sich-ja-noch-fotografisch-ueber-ihn-hermachen-und-bew\/","title":{"rendered":"Kommt nicht so r\u00fcber, aber dies ist vorsortierter Plastikm\u00fcll, der, wie wir gelernt haben, vermutlich leider verheizt wird, statt ihn zu recyclen! Bevor er unsinnigerweise verbrand wird, kann man sich ja noch fotografisch \u00fcber ihn hermachen und beweisen, da\u00df auch M\u00fcll fantastisch aussehen kann!"},"content":{"rendered":"<p><a href=\"http:\/\/www.kunstgalerie-barbara.de\/blog\/wp-content\/uploads\/2015\/05\/P1650735-Kopie.jpg\"><img loading=\"lazy\" decoding=\"async\" class=\"aligncenter wp-image-15691 size-full\" src=\"http:\/\/www.kunstgalerie-barbara.de\/blog\/wp-content\/uploads\/2015\/05\/P1650735-Kopie.jpg\" alt=\"P1650735 Kopie\" width=\"470\" height=\"315\" srcset=\"http:\/\/www.kunstgalerie-barbara.de\/blog\/wp-content\/uploads\/2015\/05\/P1650735-Kopie.jpg 470w, http:\/\/www.kunstgalerie-barbara.de\/blog\/wp-content\/uploads\/2015\/05\/P1650735-Kopie-300x201.jpg 300w\" sizes=\"(max-width: 470px) 100vw, 470px\" \/><\/a><\/p>\n","protected":false},"excerpt":{"rendered":"","protected":false},"author":1,"featured_media":0,"comment_status":"open","ping_status":"open","sticky":false,"template":"","format":"standard","meta":{"footnotes":""},"categories":[73,42,19],"tags":[],"jetpack_featured_media_url":"","_links":{"self":[{"href":"http:\/\/www.kunstgalerie-barbara.de\/blog\/wp-json\/wp\/v2\/posts\/15690"}],"collection":[{"href":"http:\/\/www.kunstgalerie-barbara.de\/blog\/wp-json\/wp\/v2\/posts"}],"about":[{"href":"http:\/\/www.kunstgalerie-barbara.de\/blog\/wp-json\/wp\/v2\/types\/post"}],"author":[{"embeddable":true,"href":"http:\/\/www.kunstgalerie-barbara.de\/blog\/wp-json\/wp\/v2\/users\/1"}],"replies":[{"embeddable":true,"href":"http:\/\/www.kunstgalerie-barbara.de\/blog\/wp-json\/wp\/v2\/comments?post=15690"}],"version-history":[{"count":1,"href":"http:\/\/www.kunstgalerie-barbara.de\/blog\/wp-json\/wp\/v2\/posts\/15690\/revisions"}],"predecessor-version":[{"id":15706,"href":"http:\/\/www.kunstgalerie-barbara.de\/blog\/wp-json\/wp\/v2\/posts\/15690\/revisions\/15706"}],"wp:attachment":[{"href":"http:\/\/www.kunstgalerie-barbara.de\/blog\/wp-json\/wp\/v2\/media?parent=15690"}],"wp:term":[{"taxonomy":"category","embeddable":true,"href":"http:\/\/www.kunstgalerie-barbara.de\/blog\/wp-json\/wp\/v2\/categories?post=15690"},{"taxonomy":"post_tag","embeddable":true,"href":"http:\/\/www.kunstgalerie-barbara.de\/blog\/wp-json\/wp\/v2\/tags?post=15690"}],"curies":[{"name":"wp","href":"https:\/\/api.w.org\/{rel}","templated":true}]}}