{"id":15796,"date":"2015-05-26T06:37:20","date_gmt":"2015-05-26T04:37:20","guid":{"rendered":"http:\/\/www.kunstgalerie-barbara.de\/blog\/?p=15796"},"modified":"2015-05-26T17:33:18","modified_gmt":"2015-05-26T15:33:18","slug":"unsere-singvoegel-sind-extrem-gefaehrdet-durch-insektizide-denn-sie-ernaehren-sich-von-genau-dem-was-diese-mittel-vernichten-dieses-wunderschoene-exemplar-eines-gartenrotschwanzes-wird-es-wenn-wir","status":"publish","type":"post","link":"http:\/\/www.kunstgalerie-barbara.de\/blog\/2015\/05\/unsere-singvoegel-sind-extrem-gefaehrdet-durch-insektizide-denn-sie-ernaehren-sich-von-genau-dem-was-diese-mittel-vernichten-dieses-wunderschoene-exemplar-eines-gartenrotschwanzes-wird-es-wenn-wir\/","title":{"rendered":"Unsere Singv\u00f6gel sind extrem gef\u00e4hrdet durch Insektizide, denn sie ern\u00e4hren sich von genau dem, was diese Mittel vernichten! Dieses wundersch\u00f6ne Exemplar eines Gartenrotschwanzes wird es, wenn wir den Einsatz von Glyphosat &#038; Co nicht einstellen, nicht mehr lange geben!"},"content":{"rendered":"<p style=\"text-align: center;\"><a href=\"http:\/\/www.kunstgalerie-barbara.de\/blog\/wp-content\/uploads\/2015\/05\/P1670131-Kopie.jpg\"><img loading=\"lazy\" decoding=\"async\" class=\"aligncenter wp-image-15797 size-full\" src=\"http:\/\/www.kunstgalerie-barbara.de\/blog\/wp-content\/uploads\/2015\/05\/P1670131-Kopie.jpg\" alt=\"P1670131 Kopie\" width=\"385\" height=\"601\" srcset=\"http:\/\/www.kunstgalerie-barbara.de\/blog\/wp-content\/uploads\/2015\/05\/P1670131-Kopie.jpg 385w, http:\/\/www.kunstgalerie-barbara.de\/blog\/wp-content\/uploads\/2015\/05\/P1670131-Kopie-192x300.jpg 192w\" sizes=\"(max-width: 385px) 100vw, 385px\" \/><\/a>&#8230;<\/p>\n","protected":false},"excerpt":{"rendered":"<p>&#8230;<\/p>\n","protected":false},"author":1,"featured_media":0,"comment_status":"open","ping_status":"open","sticky":false,"template":"","format":"standard","meta":{"footnotes":""},"categories":[67,71,64],"tags":[],"jetpack_featured_media_url":"","_links":{"self":[{"href":"http:\/\/www.kunstgalerie-barbara.de\/blog\/wp-json\/wp\/v2\/posts\/15796"}],"collection":[{"href":"http:\/\/www.kunstgalerie-barbara.de\/blog\/wp-json\/wp\/v2\/posts"}],"about":[{"href":"http:\/\/www.kunstgalerie-barbara.de\/blog\/wp-json\/wp\/v2\/types\/post"}],"author":[{"embeddable":true,"href":"http:\/\/www.kunstgalerie-barbara.de\/blog\/wp-json\/wp\/v2\/users\/1"}],"replies":[{"embeddable":true,"href":"http:\/\/www.kunstgalerie-barbara.de\/blog\/wp-json\/wp\/v2\/comments?post=15796"}],"version-history":[{"count":1,"href":"http:\/\/www.kunstgalerie-barbara.de\/blog\/wp-json\/wp\/v2\/posts\/15796\/revisions"}],"predecessor-version":[{"id":15802,"href":"http:\/\/www.kunstgalerie-barbara.de\/blog\/wp-json\/wp\/v2\/posts\/15796\/revisions\/15802"}],"wp:attachment":[{"href":"http:\/\/www.kunstgalerie-barbara.de\/blog\/wp-json\/wp\/v2\/media?parent=15796"}],"wp:term":[{"taxonomy":"category","embeddable":true,"href":"http:\/\/www.kunstgalerie-barbara.de\/blog\/wp-json\/wp\/v2\/categories?post=15796"},{"taxonomy":"post_tag","embeddable":true,"href":"http:\/\/www.kunstgalerie-barbara.de\/blog\/wp-json\/wp\/v2\/tags?post=15796"}],"curies":[{"name":"wp","href":"https:\/\/api.w.org\/{rel}","templated":true}]}}