{"id":15804,"date":"2015-05-30T07:29:57","date_gmt":"2015-05-30T05:29:57","guid":{"rendered":"http:\/\/www.kunstgalerie-barbara.de\/blog\/?p=15804"},"modified":"2015-05-30T07:29:57","modified_gmt":"2015-05-30T05:29:57","slug":"baumimpressionen","status":"publish","type":"post","link":"http:\/\/www.kunstgalerie-barbara.de\/blog\/2015\/05\/baumimpressionen\/","title":{"rendered":"Baumimpressionen&#8230;"},"content":{"rendered":"<p><a href=\"http:\/\/www.kunstgalerie-barbara.de\/blog\/wp-content\/uploads\/2015\/05\/Charlie-Hebdo.jpg\"><img loading=\"lazy\" decoding=\"async\" class=\"aligncenter wp-image-15805 size-full\" src=\"http:\/\/www.kunstgalerie-barbara.de\/blog\/wp-content\/uploads\/2015\/05\/Charlie-Hebdo.jpg\" alt=\"Charlie-Hebdo\" width=\"470\" height=\"315\" srcset=\"http:\/\/www.kunstgalerie-barbara.de\/blog\/wp-content\/uploads\/2015\/05\/Charlie-Hebdo.jpg 470w, http:\/\/www.kunstgalerie-barbara.de\/blog\/wp-content\/uploads\/2015\/05\/Charlie-Hebdo-300x201.jpg 300w\" sizes=\"(max-width: 470px) 100vw, 470px\" \/><\/a>So einige meiner Zeitgenossen m\u00f6gen keine gro\u00dfen B\u00e4ume, warum auch immer, aber sie sch\u00e4tzen an hei\u00dfen Sommertagen einen Parkplatz unter ihnen! Im Herbst mosern sie herum, wegen des vielen Laubes, ohne selbst Laub fegen zu m\u00fcssen! Bei Sturm haben sie panische Angst, ein Ast k\u00f6nnte ihren darunter parkendes Auto schrotten. Ich bin Besitzer eines gro\u00dfen aber noch nicht besonders alten Zwillingsahorns, denn drei\u00dfig Jahre sind nicht viel f\u00fcr einen Baum! Ich freue mich einfach, da\u00df er da ist, obwohl er im Herbst gewaltige Mengen an herunter gefallenem Laub produziert. Ich freue mich, da\u00df er alt werden darf mein Baum und mich auf jeden Fall \u00fcberleben wird.<br \/>\nWir alle sind extrem angewiesen auf B\u00e4ume, die nicht nur unsere Umwelt versch\u00f6nern und lebenswert machen, nein, wir sind auch angewiesen auf den Sauerstoff, den sie produzieren um leben, \u00fcberleben zu k\u00f6nnen.<\/p>\n","protected":false},"excerpt":{"rendered":"<p>So einige meiner Zeitgenossen m\u00f6gen keine gro\u00dfen B\u00e4ume, warum auch immer, aber sie sch\u00e4tzen an hei\u00dfen Sommertagen einen Parkplatz unter ihnen! Im Herbst mosern sie herum, wegen des vielen Laubes, ohne selbst Laub fegen zu m\u00fcssen! Bei Sturm haben sie panische Angst, ein Ast k\u00f6nnte ihren darunter parkendes Auto schrotten. Ich bin Besitzer eines gro\u00dfen aber noch nicht besonders alten Zwillingsahorns, denn drei\u00dfig Jahre sind nicht viel f\u00fcr einen Baum! Ich freue mich einfach, da\u00df er da ist, obwohl er im Herbst gewaltige Mengen an herunter gefallenem Laub produziert. Ich freue mich, da\u00df er alt werden darf mein Baum und mich auf jeden Fall \u00fcberleben wird. Wir alle sind extrem angewiesen auf B\u00e4ume, die nicht nur unsere Umwelt versch\u00f6nern und lebenswert machen, nein, wir sind auch angewiesen auf den Sauerstoff, den sie produzieren um leben, \u00fcberleben zu k\u00f6nnen.<\/p>\n","protected":false},"author":1,"featured_media":0,"comment_status":"open","ping_status":"open","sticky":false,"template":"","format":"standard","meta":{"footnotes":""},"categories":[26,51,64],"tags":[],"jetpack_featured_media_url":"","_links":{"self":[{"href":"http:\/\/www.kunstgalerie-barbara.de\/blog\/wp-json\/wp\/v2\/posts\/15804"}],"collection":[{"href":"http:\/\/www.kunstgalerie-barbara.de\/blog\/wp-json\/wp\/v2\/posts"}],"about":[{"href":"http:\/\/www.kunstgalerie-barbara.de\/blog\/wp-json\/wp\/v2\/types\/post"}],"author":[{"embeddable":true,"href":"http:\/\/www.kunstgalerie-barbara.de\/blog\/wp-json\/wp\/v2\/users\/1"}],"replies":[{"embeddable":true,"href":"http:\/\/www.kunstgalerie-barbara.de\/blog\/wp-json\/wp\/v2\/comments?post=15804"}],"version-history":[{"count":1,"href":"http:\/\/www.kunstgalerie-barbara.de\/blog\/wp-json\/wp\/v2\/posts\/15804\/revisions"}],"predecessor-version":[{"id":15806,"href":"http:\/\/www.kunstgalerie-barbara.de\/blog\/wp-json\/wp\/v2\/posts\/15804\/revisions\/15806"}],"wp:attachment":[{"href":"http:\/\/www.kunstgalerie-barbara.de\/blog\/wp-json\/wp\/v2\/media?parent=15804"}],"wp:term":[{"taxonomy":"category","embeddable":true,"href":"http:\/\/www.kunstgalerie-barbara.de\/blog\/wp-json\/wp\/v2\/categories?post=15804"},{"taxonomy":"post_tag","embeddable":true,"href":"http:\/\/www.kunstgalerie-barbara.de\/blog\/wp-json\/wp\/v2\/tags?post=15804"}],"curies":[{"name":"wp","href":"https:\/\/api.w.org\/{rel}","templated":true}]}}