{"id":15894,"date":"2015-06-18T08:06:45","date_gmt":"2015-06-18T06:06:45","guid":{"rendered":"http:\/\/www.kunstgalerie-barbara.de\/blog\/?p=15894"},"modified":"2015-08-02T05:54:17","modified_gmt":"2015-08-02T03:54:17","slug":"rettet-unsere-natur","status":"publish","type":"post","link":"http:\/\/www.kunstgalerie-barbara.de\/blog\/2015\/06\/rettet-unsere-natur\/","title":{"rendered":"Rettet unsere Natur&#8230;"},"content":{"rendered":"<p>&nbsp;<\/p>\n<div id=\"fb-root\"><\/div>\n<p><a href=\"http:\/\/divid=fb-root\/divscript(function(d,s,id)varjs,fjs=d.getElementsByTagName(s)0;if(d.getElementById(id))return;js=d.createElement(s);js.id=id;js.src=\/\/connect.facebook.net\/de_DE\/sdk.js#xfbml=1&amp;version=v2.3;fjs.parentNode.insertBefore(js,fjs);(document,'script','facebook-jssdk'));\/scriptdivclass=fb-videodata-allowfullscreen=truedata-href=\/Naturschutzbund\/videos\/vb.133306764192\/10153177743069193\/?type=1divclass=fb-xfbml-parse-ignoreblockquotecite=\/Naturschutzbund\/videos\/10153177743069193\/ahref=\/Naturschutzbund\/videos\/10153177743069193\/RettejetztEuropasNatursch\u00e4tze!\/ap\u00dcberallinEuropawirdunserekostbareNaturdurchwichtigeGesetzegesch\u00fctzt.Dochnun\u00fcberlegtdieEU,diesezuschw\u00e4chen.ZeigenwirdenVerantwortlichen,dasswirwirksameGesetzezumSchutzderNaturwollen!MachmitbeiderAktion:www.NABU.de\/naturschaetze#NatureAlert#NaturschatzRetten\/pPostedbyahref=https:\/\/www.facebook.com\/NaturschutzbundNABUBundesverband\/aonMittwoch,17.Juni2015\/blockquote\/div\/div\"><script>\/\/ <![CDATA[\n(function(d, s, id) {  var js, fjs = d.getElementsByTagName(s)[0];  if (d.getElementById(id)) return;  js = d.createElement(s); js.id = id;  js.src = \"\/\/connect.facebook.net\/de_DE\/sdk.js#xfbml=1&#038;version=v2.3\";  fjs.parentNode.insertBefore(js, fjs);}(document, 'script', 'facebook-jssdk'))\n\/\/ ]]><\/script><\/a><a href=\"\/Naturschutzbund\/videos\/10153177743069193\/\">Rette jetzt Europas Natursch\u00e4tze!<\/a>\u00dcberall in Europa wird unsere kostbare Natur durch wichtige Gesetze gesch\u00fctzt. Doch nun \u00fcberlegt die EU, diese zu schw\u00e4chen. Zeigen wir den Verantwortlichen, dass wir wirksame Gesetze zum Schutz der Natur wollen! Mach mit bei der Aktion: www.NABU.de\/naturschaetze #NatureAlert #NaturschatzRetten<\/p>\n<div class=\"fb-video\" data-allowfullscreen=\"true\" data-href=\"\/Naturschutzbund\/videos\/vb.133306764192\/10153177743069193\/?type=1\">\n<div class=\"fb-xfbml-parse-ignore\">\n<blockquote cite=\"\/Naturschutzbund\/videos\/10153177743069193\/\"><p>Posted by <a href=\"https:\/\/www.facebook.com\/Naturschutzbund\">NABU Bundesverband<\/a> on Mittwoch, 17. Juni 2015<\/p><\/blockquote>\n<\/div>\n<\/div>\n<p>&nbsp;<\/p>\n<p><a href=\"http:\/\/divid=fb-root\/divscript(function(d,s,id)varjs,fjs=d.getElementsByTagName(s)0;if(d.getElementById(id))return;js=d.createElement(s);js.id=id;js.src=\/\/connect.facebook.net\/de_DE\/sdk.js#xfbml=1&amp;version=v2.3;fjs.parentNode.insertBefore(js,fjs);(document,'script','facebook-jssdk'));\/scriptdivclass=fb-videodata-allowfullscreen=truedata-href=\/Naturschutzbund\/videos\/vb.133306764192\/10153177743069193\/?type=1divclass=fb-xfbml-parse-ignoreblockquotecite=\/Naturschutzbund\/videos\/10153177743069193\/ahref=\/Naturschutzbund\/videos\/10153177743069193\/RettejetztEuropasNatursch\u00e4tze!\/ap\u00dcberallinEuropawirdunserekostbareNaturdurchwichtigeGesetzegesch\u00fctzt.Dochnun\u00fcberlegtdieEU,diesezuschw\u00e4chen.ZeigenwirdenVerantwortlichen,dasswirwirksameGesetzezumSchutzderNaturwollen!MachmitbeiderAktion:www.NABU.de\/naturschaetze#NatureAlert#NaturschatzRetten\/pPostedbyahref=https:\/\/www.facebook.com\/NaturschutzbundNABUBundesverband\/aonMittwoch,17.Juni2015\/blockquote\/div\/div\"><script>\/\/ <![CDATA[\n(function(d, s, id) {  var js, fjs = d.getElementsByTagName(s)[0];  if (d.getElementById(id)) return;  js = d.createElement(s); js.id = id;  js.src = \"\/\/connect.facebook.net\/de_DE\/sdk.js#xfbml=1&#038;version=v2.3\";  fjs.parentNode.insertBefore(js, fjs);}(document, 'script', 'facebook-jssdk'));\n\/\/ ]]><\/script><\/a><\/p>\n<p>&nbsp;<\/p>\n","protected":false},"excerpt":{"rendered":"<p>&nbsp; Rette jetzt Europas Natursch\u00e4tze!\u00dcberall in Europa wird unsere kostbare Natur durch wichtige Gesetze gesch\u00fctzt. Doch nun \u00fcberlegt die EU, diese zu schw\u00e4chen. Zeigen wir den Verantwortlichen, dass wir wirksame Gesetze zum Schutz der Natur wollen! Mach mit bei der Aktion: www.NABU.de\/naturschaetze #NatureAlert #NaturschatzRetten Posted by NABU Bundesverband on Mittwoch, 17. Juni 2015 &nbsp; &nbsp;<\/p>\n","protected":false},"author":1,"featured_media":0,"comment_status":"open","ping_status":"open","sticky":false,"template":"","format":"standard","meta":{"footnotes":""},"categories":[69,67,71,51,64],"tags":[],"jetpack_featured_media_url":"","_links":{"self":[{"href":"http:\/\/www.kunstgalerie-barbara.de\/blog\/wp-json\/wp\/v2\/posts\/15894"}],"collection":[{"href":"http:\/\/www.kunstgalerie-barbara.de\/blog\/wp-json\/wp\/v2\/posts"}],"about":[{"href":"http:\/\/www.kunstgalerie-barbara.de\/blog\/wp-json\/wp\/v2\/types\/post"}],"author":[{"embeddable":true,"href":"http:\/\/www.kunstgalerie-barbara.de\/blog\/wp-json\/wp\/v2\/users\/1"}],"replies":[{"embeddable":true,"href":"http:\/\/www.kunstgalerie-barbara.de\/blog\/wp-json\/wp\/v2\/comments?post=15894"}],"version-history":[{"count":1,"href":"http:\/\/www.kunstgalerie-barbara.de\/blog\/wp-json\/wp\/v2\/posts\/15894\/revisions"}],"predecessor-version":[{"id":15899,"href":"http:\/\/www.kunstgalerie-barbara.de\/blog\/wp-json\/wp\/v2\/posts\/15894\/revisions\/15899"}],"wp:attachment":[{"href":"http:\/\/www.kunstgalerie-barbara.de\/blog\/wp-json\/wp\/v2\/media?parent=15894"}],"wp:term":[{"taxonomy":"category","embeddable":true,"href":"http:\/\/www.kunstgalerie-barbara.de\/blog\/wp-json\/wp\/v2\/categories?post=15894"},{"taxonomy":"post_tag","embeddable":true,"href":"http:\/\/www.kunstgalerie-barbara.de\/blog\/wp-json\/wp\/v2\/tags?post=15894"}],"curies":[{"name":"wp","href":"https:\/\/api.w.org\/{rel}","templated":true}]}}