{"id":15900,"date":"2015-06-18T08:16:38","date_gmt":"2015-06-18T06:16:38","guid":{"rendered":"http:\/\/www.kunstgalerie-barbara.de\/blog\/?p=15900"},"modified":"2015-06-18T08:17:04","modified_gmt":"2015-06-18T06:17:04","slug":"laut-einer-studie-des-australischen-instituts-fuer-oekonomie-und-frieden-sind-im-jahr-2014-weltweit-200-000-menschen-durch-kriege-und-terroranschlaege-getoetet-und-mehr-als-50-millionen-menschen-in-di","status":"publish","type":"post","link":"http:\/\/www.kunstgalerie-barbara.de\/blog\/2015\/06\/laut-einer-studie-des-australischen-instituts-fuer-oekonomie-und-frieden-sind-im-jahr-2014-weltweit-200-000-menschen-durch-kriege-und-terroranschlaege-getoetet-und-mehr-als-50-millionen-menschen-in-di\/","title":{"rendered":"Laut einer Studie des australischen Instituts f\u00fcr \u00d6konomie und Frieden sind im Jahr 2014 weltweit 200.000 Menschen durch Kriege und Terroranschl\u00e4ge get\u00f6tet und mehr als 50 Millionen Menschen in die Flucht getrieben worden&#8230;"},"content":{"rendered":"<div class=\"mbs fwn fcg\" data-ft=\"{&quot;tn&quot;:&quot;C&quot;}\">\n<div class=\"_5pcn fwb\" data-ft=\"{&quot;tn&quot;:&quot;k&quot;}\"><a href=\"https:\/\/www.facebook.com\/gregor.gysi\/posts\/10152770450562693?fref=nf\">Gregor Gysi<\/a><\/div>\n<\/div>\n<div class=\"mtm _5pco\" data-ft=\"{&quot;tn&quot;:&quot;K&quot;}\">\n<div id=\"id_558260c41aef44b19795533\" class=\"text_exposed_root text_exposed\">\n<p><span class=\"text_exposed_show\">\u00a0&#8230;Die unmittelbaren und die Folgekosten der Kriege 2014 belaufen sich auf wahnsinnige 14,3 Billionen US-Dollar. Zum Vergleich: Das Bruttoinlandsprodukt in der gesamten EU betrug im Vorjahr 14,7 Billionen US-Dollar. Krieg und Terror unserer Zeit sind demnach genauso zu einer zivilisatorischen Bedrohung geworden wie der Klimawandel. Wollen sich die Regierenden dieser Welt wirklich durch Unterlassung an der kollektiven Selbstzerst\u00f6rung unserer Menschheit mitschuldig machen? Wo bleiben die konfliktvorbeugenden Initiativen? Wo bleiben die Initiativen zur wirtschaftlichen Angleichung, um die \u00f6konomischen Ursachen f\u00fcr Kriege zu \u00fcberwinden? Wann endlich wird wenigstens die R\u00fcstungsindustrie verstaatlicht, damit mit Krieg nicht so viel Profit gemacht wird?<\/span><\/p>\n<\/div>\n<\/div>\n","protected":false},"excerpt":{"rendered":"<p>Gregor Gysi \u00a0&#8230;Die unmittelbaren und die Folgekosten der Kriege 2014 belaufen sich auf wahnsinnige 14,3 Billionen US-Dollar. Zum Vergleich: Das Bruttoinlandsprodukt in der gesamten EU betrug im Vorjahr 14,7 Billionen US-Dollar. Krieg und Terror unserer Zeit sind demnach genauso zu einer zivilisatorischen Bedrohung geworden wie der Klimawandel. Wollen sich die Regierenden dieser Welt wirklich durch Unterlassung an der kollektiven Selbstzerst\u00f6rung unserer Menschheit mitschuldig machen? Wo bleiben die konfliktvorbeugenden Initiativen? Wo bleiben die Initiativen zur wirtschaftlichen Angleichung, um die \u00f6konomischen Ursachen f\u00fcr Kriege zu \u00fcberwinden? Wann endlich wird wenigstens die R\u00fcstungsindustrie verstaatlicht, damit mit Krieg nicht so viel Profit gemacht wird?<\/p>\n","protected":false},"author":1,"featured_media":0,"comment_status":"open","ping_status":"open","sticky":false,"template":"","format":"standard","meta":{"footnotes":""},"categories":[42,40,51],"tags":[],"jetpack_featured_media_url":"","_links":{"self":[{"href":"http:\/\/www.kunstgalerie-barbara.de\/blog\/wp-json\/wp\/v2\/posts\/15900"}],"collection":[{"href":"http:\/\/www.kunstgalerie-barbara.de\/blog\/wp-json\/wp\/v2\/posts"}],"about":[{"href":"http:\/\/www.kunstgalerie-barbara.de\/blog\/wp-json\/wp\/v2\/types\/post"}],"author":[{"embeddable":true,"href":"http:\/\/www.kunstgalerie-barbara.de\/blog\/wp-json\/wp\/v2\/users\/1"}],"replies":[{"embeddable":true,"href":"http:\/\/www.kunstgalerie-barbara.de\/blog\/wp-json\/wp\/v2\/comments?post=15900"}],"version-history":[{"count":1,"href":"http:\/\/www.kunstgalerie-barbara.de\/blog\/wp-json\/wp\/v2\/posts\/15900\/revisions"}],"predecessor-version":[{"id":15901,"href":"http:\/\/www.kunstgalerie-barbara.de\/blog\/wp-json\/wp\/v2\/posts\/15900\/revisions\/15901"}],"wp:attachment":[{"href":"http:\/\/www.kunstgalerie-barbara.de\/blog\/wp-json\/wp\/v2\/media?parent=15900"}],"wp:term":[{"taxonomy":"category","embeddable":true,"href":"http:\/\/www.kunstgalerie-barbara.de\/blog\/wp-json\/wp\/v2\/categories?post=15900"},{"taxonomy":"post_tag","embeddable":true,"href":"http:\/\/www.kunstgalerie-barbara.de\/blog\/wp-json\/wp\/v2\/tags?post=15900"}],"curies":[{"name":"wp","href":"https:\/\/api.w.org\/{rel}","templated":true}]}}